{"id":10262,"date":"2025-02-27T14:40:01","date_gmt":"2025-02-27T18:40:01","guid":{"rendered":"https:\/\/agromt.news\/?p=10262"},"modified":"2025-02-27T14:40:01","modified_gmt":"2025-02-27T18:40:01","slug":"brasil-crescera-um-pouco-mais-de-25-em-2025-diz-lula","status":"publish","type":"post","link":"https:\/\/agromt.news\/?p=10262","title":{"rendered":"Brasil crescer\u00e1 &#8216;um pouco mais&#8217; de 2,5% em 2025, diz Lula"},"content":{"rendered":"<p> <br \/>\n<br \/><img decoding=\"async\" src=\"https:\/\/agromt.news\/wp-content\/uploads\/2024\/11\/Entidades-do-agro-defendem-continuidade-dos-incentivos-fiscais-em-Sao.jpg\" \/><\/p>\n<div>\n<p>O presidente da Rep\u00fablica, Luiz In\u00e1cio Lula da Silva, disse nesta quinta-feira (27), durante o lan\u00e7amento do edital do <strong><a href=\"https:\/\/www.canalrural.com.br\/economia\/logistica\/tunel-santos-guaruja-avanca-expansao-do-porto-enfrenta-entraves\/\">t\u00fanel Santos-Guaruj\u00e1<\/a><\/strong>, em S\u00e3o Paulo, que o pa\u00eds vai crescer em 2025 \u201cum pouco mais de<strong> 2,5%<\/strong>\u201c.<\/p>\n<p>A fala contraria o posicionamento do governador do estado, Tarc\u00edsio de Freitas, que disse em uma reuni\u00e3o com prefeitos no in\u00edcio do m\u00eas que prev\u00ea recuo de at\u00e9 <strong>2%<\/strong> do Produto Interno Bruto (PIB). <\/p>\n<p>\u201cFalam que vai haver recess\u00e3o e o Brasil vai crescer no m\u00e1ximo 2,5%. Vai crescer um pouco mais de 2,5%, pode ter certeza. Em 2024, vamos crescer 3,8%\u201d, disse Lula, referindo-se tamb\u00e9m aos n\u00fameros do Produto Interno Bruto (PIB) do ano passado que ainda ser\u00e3o conhecidos no in\u00edcio de mar\u00e7o.<\/p>\n<\/div>\n<div>\n<p>\u201c\u00danica coisa que n\u00e3o queremos que cres\u00e7a \u00e9 pre\u00e7o do ovo e da carne\u201d, disse o presidente da Rep\u00fablica, que tamb\u00e9m defendeu pol\u00edticas de seu governo, como o Bolsa Fam\u00edlia, e investimentos em educa\u00e7\u00e3o, como o P\u00e9-de-Meia. <\/p>\n<p>\u201cQuero dinheiro circulando na m\u00e3o do trabalhador\u201d, afirmou. \u201cBolsa Fam\u00edlia n\u00e3o \u00e9 programa para viver a vida inteira, n\u00e3o queremos pa\u00eds de pobres.\u201d<\/p>\n<p>Lula tamb\u00e9m anunciou que vai fazer um instituto federal no Guaruj\u00e1 (SP). \u201cAquilo que for necess\u00e1rio fazer em cada estado e tiver dinheiro, vamos fazer\u201d, afirmou.<\/p>\n<\/p><\/div>\n<p><br \/>\n<br \/><a href=\"https:\/\/www.canalrural.com.br\/economia\/brasil-crescera-um-pouco-mais-de-25-em-2025-diz-lula\/\">Source link <\/a><\/p>\n","protected":false},"excerpt":{"rendered":"<p>O presidente da Rep\u00fablica, Luiz In\u00e1cio Lula da Silva, disse nesta quinta-feira (27), durante o lan\u00e7amento do edital do t\u00fanel<\/p>\n","protected":false},"author":1,"featured_media":4626,"comment_status":"open","ping_status":"open","sticky":false,"template":"","format":"standard","meta":{"_monsterinsights_skip_tracking":false,"_monsterinsights_sitenote_active":false,"_monsterinsights_sitenote_note":"","_monsterinsights_sitenote_category":0,"_uf_show_specific_survey":0,"_uf_disable_surveys":false,"footnotes":""},"categories":[1],"tags":[],"class_list":["post-10262","post","type-post","status-publish","format-standard","has-post-thumbnail","hentry","category-news"],"_links":{"self":[{"href":"https:\/\/agromt.news\/index.php?rest_route=\/wp\/v2\/posts\/10262"}],"collection":[{"href":"https:\/\/agromt.news\/index.php?rest_route=\/wp\/v2\/posts"}],"about":[{"href":"https:\/\/agromt.news\/index.php?rest_route=\/wp\/v2\/types\/post"}],"author":[{"embeddable":true,"href":"https:\/\/agromt.news\/index.php?rest_route=\/wp\/v2\/users\/1"}],"replies":[{"embeddable":true,"href":"https:\/\/agromt.news\/index.php?rest_route=%2Fwp%2Fv2%2Fcomments&post=10262"}],"version-history":[{"count":0,"href":"https:\/\/agromt.news\/index.php?rest_route=\/wp\/v2\/posts\/10262\/revisions"}],"wp:featuredmedia":[{"embeddable":true,"href":"https:\/\/agromt.news\/index.php?rest_route=\/wp\/v2\/media\/4626"}],"wp:attachment":[{"href":"https:\/\/agromt.news\/index.php?rest_route=%2Fwp%2Fv2%2Fmedia&parent=10262"}],"wp:term":[{"taxonomy":"category","embeddable":true,"href":"https:\/\/agromt.news\/index.php?rest_route=%2Fwp%2Fv2%2Fcategories&post=10262"},{"taxonomy":"post_tag","embeddable":true,"href":"https:\/\/agromt.news\/index.php?rest_route=%2Fwp%2Fv2%2Ftags&post=10262"}],"curies":[{"name":"wp","href":"https:\/\/api.w.org\/{rel}","templated":true}]}}