{"id":1026,"date":"2024-09-02T11:06:16","date_gmt":"2024-09-02T15:06:16","guid":{"rendered":"https:\/\/agromt.news\/?p=1026"},"modified":"2024-09-02T11:06:16","modified_gmt":"2024-09-02T15:06:16","slug":"sao-paulo-intensifica-acoes-contra-incendios-e-alerta-para-riscos-climaticos","status":"publish","type":"post","link":"https:\/\/agromt.news\/?p=1026","title":{"rendered":"S\u00e3o Paulo intensifica a\u00e7\u00f5es contra inc\u00eandios e alerta para riscos clim\u00e1ticos"},"content":{"rendered":"<p> <br \/>\n<br \/><img decoding=\"async\" src=\"https:\/\/agromt.news\/wp-content\/uploads\/2024\/09\/Sao-Paulo-intensifica-acoes-contra-incendios-e-alerta-para-riscos.jpeg\" \/><\/p>\n<div>\n<p>No s\u00e1bado (31), o governo de <a href=\"https:\/\/www.canalrural.com.br\/tag\/estado-de-sao-paulo\/\">S\u00e3o Paulo<\/a> mobilizou diversas frentes para combater os focos de inc\u00eandio que afetam cinco munic\u00edpios do interior do estado. A Defesa Civil do estado liderou o \u201cDia D\u201d de mobiliza\u00e7\u00e3o nas regi\u00f5es de Ribeir\u00e3o Preto, S\u00e3o Jos\u00e9 do Rio Preto, Barretos, Ara\u00e7atuba e Presidente Prudente. As cidades de Morro Agudo, Pedregulho, Altin\u00f3polis, Franca e Fernand\u00f3polis apresentaram focos ativos de fogo.<\/p>\n<p><em>Confira na palma da m\u00e3o informa\u00e7\u00f5es quentes sobre agricultura, pecu\u00e1ria, economia e previs\u00e3o do tempo:<\/em><a href=\"https:\/\/www.whatsapp.com\/channel\/0029Va9VnZxGk1FplZjiW43k\"><em> <\/em><strong>siga o Canal Rural no WhatsApp<\/strong><\/a>!<\/p>\n<p>Agentes da Defesa Civil, bombeiros, brigadistas volunt\u00e1rios e equipes de grupos privados est\u00e3o trabalhando para controlar as chamas, utilizando ve\u00edculos e uma aeronave para combate. Al\u00e9m disso, equipes da Defesa Civil est\u00e3o atuando em locais de grande circula\u00e7\u00e3o, regi\u00f5es rurais e pra\u00e7as de ped\u00e1gio, distribuindo materiais informativos para conscientizar a popula\u00e7\u00e3o sobre a preven\u00e7\u00e3o de inc\u00eandios.<\/p>\n<\/div>\n<div>\n<p>O governo estadual tamb\u00e9m refor\u00e7ou a import\u00e2ncia de den\u00fancias de inc\u00eandios criminosos, disponibilizando os n\u00fameros de telefone 181 e 190 para esse fim.<\/p>\n<h2 class=\"wp-block-heading\" id=\"h-monitoramento-de-rodovias-e-alerta-de-risco\"><strong>Monitoramento de rodovias e alerta de risco<\/strong><\/h2>\n<p>Para garantir a seguran\u00e7a nas estradas, as concession\u00e1rias que administram mais de 11 mil km de rodovias em S\u00e3o Paulo est\u00e3o utilizando tecnologia avan\u00e7ada para monitorar focos de inc\u00eandio, em colabora\u00e7\u00e3o com a Ag\u00eancia de Transporte do Estado (Artesp). Com mais de 3.300 c\u00e2meras de circuito fechado, as equipes conseguem detectar focos de fogo e acidentes, garantindo uma resposta r\u00e1pida e eficaz.<\/p>\n<p>O Centro de Gerenciamento de Emerg\u00eancias (CGE) da Defesa Civil emitiu um alerta para o risco elevado de inc\u00eandios em quase todo o estado nos pr\u00f3ximos dias, devido ao aumento das temperaturas e \u00e0 queda da umidade relativa do ar. As regi\u00f5es mais cr\u00edticas, como Andradina, Ara\u00e7atuba, Bauru e Ja\u00fa, devem registrar temperaturas de at\u00e9 35\u00b0C e umidade abaixo de 20%, aumentando o risco de queimadas.<\/p>\n<p>Outras \u00e1reas, como Presidente Prudente, Assis, Mar\u00edlia, Ourinhos, Jales, Votuporanga, Ribeir\u00e3o Preto e Barretos, tamb\u00e9m est\u00e3o em alerta, com previs\u00f5es de temperaturas elevadas e umidade cr\u00edtica.<\/p>\n<h2 class=\"wp-block-heading\" id=\"h-recomendacoes-de-seguranca\"><strong>Recomenda\u00e7\u00f5es de seguran\u00e7a<\/strong><\/h2>\n<p>Diante do cen\u00e1rio, o governo de S\u00e3o Paulo mant\u00e9m um gabinete de crise ativo para monitorar a situa\u00e7\u00e3o e recomenda \u00e0 popula\u00e7\u00e3o medidas preventivas, como evitar a queima de vegeta\u00e7\u00e3o seca, n\u00e3o jogar bitucas de cigarro em \u00e1reas vulner\u00e1veis, n\u00e3o usar fogo para limpeza de \u00e1reas rurais e n\u00e3o soltar bal\u00f5es. Al\u00e9m disso, recomenda-se evitar atividades f\u00edsicas intensas entre 10h e 16h, manter-se hidratado e umidificar o ambiente.<\/p>\n<p>Com as condi\u00e7\u00f5es clim\u00e1ticas adversas e o aumento do risco de inc\u00eandios, as autoridades estaduais pedem que todos estejam atentos e colaborem para evitar novos focos de fogo e proteger a seguran\u00e7a da popula\u00e7\u00e3o e do meio ambiente.<\/p>\n<\/div>\n<p><br \/>\n<br \/><a href=\"https:\/\/www.canalrural.com.br\/nacional\/sao-paulo-intensifica-acoes-contra-incendios-e-alerta-para-riscos-climaticos\/\">Source link <\/a><\/p>\n","protected":false},"excerpt":{"rendered":"<p>No s\u00e1bado (31), o governo de S\u00e3o Paulo mobilizou diversas frentes para combater os focos de inc\u00eandio que afetam cinco<\/p>\n","protected":false},"author":1,"featured_media":1027,"comment_status":"open","ping_status":"open","sticky":false,"template":"","format":"standard","meta":{"_monsterinsights_skip_tracking":false,"_monsterinsights_sitenote_active":false,"_monsterinsights_sitenote_note":"","_monsterinsights_sitenote_category":0,"_uf_show_specific_survey":0,"_uf_disable_surveys":false,"footnotes":""},"categories":[1],"tags":[],"class_list":["post-1026","post","type-post","status-publish","format-standard","has-post-thumbnail","hentry","category-news"],"_links":{"self":[{"href":"https:\/\/agromt.news\/index.php?rest_route=\/wp\/v2\/posts\/1026"}],"collection":[{"href":"https:\/\/agromt.news\/index.php?rest_route=\/wp\/v2\/posts"}],"about":[{"href":"https:\/\/agromt.news\/index.php?rest_route=\/wp\/v2\/types\/post"}],"author":[{"embeddable":true,"href":"https:\/\/agromt.news\/index.php?rest_route=\/wp\/v2\/users\/1"}],"replies":[{"embeddable":true,"href":"https:\/\/agromt.news\/index.php?rest_route=%2Fwp%2Fv2%2Fcomments&post=1026"}],"version-history":[{"count":0,"href":"https:\/\/agromt.news\/index.php?rest_route=\/wp\/v2\/posts\/1026\/revisions"}],"wp:featuredmedia":[{"embeddable":true,"href":"https:\/\/agromt.news\/index.php?rest_route=\/wp\/v2\/media\/1027"}],"wp:attachment":[{"href":"https:\/\/agromt.news\/index.php?rest_route=%2Fwp%2Fv2%2Fmedia&parent=1026"}],"wp:term":[{"taxonomy":"category","embeddable":true,"href":"https:\/\/agromt.news\/index.php?rest_route=%2Fwp%2Fv2%2Fcategories&post=1026"},{"taxonomy":"post_tag","embeddable":true,"href":"https:\/\/agromt.news\/index.php?rest_route=%2Fwp%2Fv2%2Ftags&post=1026"}],"curies":[{"name":"wp","href":"https:\/\/api.w.org\/{rel}","templated":true}]}}