{"id":10255,"date":"2025-02-27T11:46:03","date_gmt":"2025-02-27T15:46:03","guid":{"rendered":"https:\/\/agromt.news\/?p=10255"},"modified":"2025-02-27T11:46:03","modified_gmt":"2025-02-27T15:46:03","slug":"parceiros-do-projeto-soja-brasil-acompanham-a-colheita-pelo-pais","status":"publish","type":"post","link":"https:\/\/agromt.news\/?p=10255","title":{"rendered":"Parceiros do projeto Soja Brasil acompanham a colheita pelo pa\u00eds"},"content":{"rendered":"<p> <br \/>\n<br \/><img decoding=\"async\" src=\"https:\/\/agromt.news\/wp-content\/uploads\/2025\/02\/Parceiros-do-projeto-Soja-Brasil-acompanham-a-colheita-pelo-pais.png\" \/><\/p>\n<div>\n<p>O m\u00eas est\u00e1 chegando ao fim e, vale relembrar que, no dia 7 de fevereiro, aconteceu a <a href=\"https:\/\/www.canalrural.com.br\/agricultura\/projeto-soja-brasil\/no-coracao-de-mt-a-abertura-nacional-da-colheita-da-soja\/\">Abertura Nacional da Colheita da Soja<\/a>, evento realizado em Santa Carmem, Mato Grosso. L\u00e1, estavam presentes nomes do setor, que contribuem para que o projeto Soja Brasil seja um sucesso e caminhe para um futuro de progresso. <\/p>\n<p>O evento foi poss\u00edvel gra\u00e7as ao apoio de patrocinadores e parceiros, que desempenham um papel importante no sucesso da iniciativa, assim como a Aprosoja Brasil, que defende os interesses dos produtores de soja no pa\u00eds.<\/p>\n<ul class=\"wp-block-list\">\n<li><strong><em>Fique por dentro das novidades e not\u00edcias recentes sobre a soja! Participe da nossa comunidade atrav\u00e9s do\u00a0<a href=\"https:\/\/chat.whatsapp.com\/BmMRwA0TZ2DHGyhzoaVEWu\">link<\/a>! \ud83c\udf31<\/em><\/strong><\/li>\n<\/ul>\n<p>Durante o evento, Marcos Fava Neves, mais conhecido como Dr. Agro e fundador da Harven Agribusiness School, abordou temas sobre a macroeconomia da soja, destacando a relev\u00e2ncia do setor para o Brasil e o mundo. Ele falou sobre o papel da soja na economia global e as oportunidades que o Brasil tem para consolidar ainda mais sua posi\u00e7\u00e3o no mercado.<\/p>\n<p>A nova Triton, caminhonete da Mitsubishi Motors, esteve presente no evento, demonstrando seu apoio ao setor agropecu\u00e1rio. O autom\u00f3vel, que percorre todo o Brasil acompanhando a safra e ouvindo os desafios dos produtores, continua sua jornada ao longo da colheita, refor\u00e7ando seu compromisso com os profissionais do campo e com o fortalecimento do agroneg\u00f3cio nacional.<\/p>\n<\/div>\n<div>\n<p>A Bayer, parceira do projeto, tamb\u00e9m marcou presen\u00e7a no evento, refor\u00e7ando sua contribui\u00e7\u00e3o para o sucesso da iniciativa. Com a plataforma Intacta 2 Xtend, a empresa incorpora biotecnologia de ponta, oferecendo maior controle sobre plantas daninhas e prote\u00e7\u00e3o contra as seis principais lagartas da soja.<\/p>\n<p>Outro parceiro, a Ihara, tamb\u00e9m esteve presente, reafirmando seu apoio ao agroneg\u00f3cio. A empresa tem apoiado o projeto h\u00e1 sete anos, contribuindo para o desenvolvimento e sucesso da iniciativa. Reconhecida pelo trabalho em inova\u00e7\u00e3o, a Ihara tem se dedicado a melhorar continuamente os processos produtivos no campo.<\/p>\n<p>Al\u00e9m disso, a Campo Forte Fertilizantes, mais uma importante parceira do projeto, tamb\u00e9m esteve no evento, destacando seu papel no fortalecimento da agricultura brasileira. A empresa tem sido um aliado fundamental na busca por solu\u00e7\u00f5es que otimizem a produ\u00e7\u00e3o e aumentam a sustentabilidade do setor.<\/p>\n<p>A Embrapa, a Safras &amp; Mercado e o Climatempo fazem parte do sucesso do projeto. A Embrapa garante a qualidade das informa\u00e7\u00f5es t\u00e9cnicas, a Safras &amp; Mercado oferece uma vis\u00e3o do mercado e das tend\u00eancias da soja, e o Climatempo fornece atualiza\u00e7\u00f5es em tempo real sobre as condi\u00e7\u00f5es clim\u00e1ticas.<\/p>\n<\/p><\/div>\n<p><br \/>\n<br \/><a href=\"https:\/\/www.canalrural.com.br\/agricultura\/projeto-soja-brasil\/parceiros-do-projeto-soja-brasil-acompanham-a-colheita-pelo-pais\/\">Source link <\/a><\/p>\n","protected":false},"excerpt":{"rendered":"<p>O m\u00eas est\u00e1 chegando ao fim e, vale relembrar que, no dia 7 de fevereiro, aconteceu a Abertura Nacional da<\/p>\n","protected":false},"author":1,"featured_media":10256,"comment_status":"open","ping_status":"open","sticky":false,"template":"","format":"standard","meta":{"_monsterinsights_skip_tracking":false,"_monsterinsights_sitenote_active":false,"_monsterinsights_sitenote_note":"","_monsterinsights_sitenote_category":0,"_uf_show_specific_survey":0,"_uf_disable_surveys":false,"footnotes":""},"categories":[1],"tags":[],"class_list":["post-10255","post","type-post","status-publish","format-standard","has-post-thumbnail","hentry","category-news"],"_links":{"self":[{"href":"https:\/\/agromt.news\/index.php?rest_route=\/wp\/v2\/posts\/10255"}],"collection":[{"href":"https:\/\/agromt.news\/index.php?rest_route=\/wp\/v2\/posts"}],"about":[{"href":"https:\/\/agromt.news\/index.php?rest_route=\/wp\/v2\/types\/post"}],"author":[{"embeddable":true,"href":"https:\/\/agromt.news\/index.php?rest_route=\/wp\/v2\/users\/1"}],"replies":[{"embeddable":true,"href":"https:\/\/agromt.news\/index.php?rest_route=%2Fwp%2Fv2%2Fcomments&post=10255"}],"version-history":[{"count":0,"href":"https:\/\/agromt.news\/index.php?rest_route=\/wp\/v2\/posts\/10255\/revisions"}],"wp:featuredmedia":[{"embeddable":true,"href":"https:\/\/agromt.news\/index.php?rest_route=\/wp\/v2\/media\/10256"}],"wp:attachment":[{"href":"https:\/\/agromt.news\/index.php?rest_route=%2Fwp%2Fv2%2Fmedia&parent=10255"}],"wp:term":[{"taxonomy":"category","embeddable":true,"href":"https:\/\/agromt.news\/index.php?rest_route=%2Fwp%2Fv2%2Fcategories&post=10255"},{"taxonomy":"post_tag","embeddable":true,"href":"https:\/\/agromt.news\/index.php?rest_route=%2Fwp%2Fv2%2Ftags&post=10255"}],"curies":[{"name":"wp","href":"https:\/\/api.w.org\/{rel}","templated":true}]}}