{"id":10177,"date":"2025-02-26T01:46:35","date_gmt":"2025-02-26T05:46:35","guid":{"rendered":"https:\/\/agromt.news\/?p=10177"},"modified":"2025-02-26T01:46:35","modified_gmt":"2025-02-26T05:46:35","slug":"agro-e-vitima-das-mudancas-climaticas-diz-presidente-da-cop30","status":"publish","type":"post","link":"https:\/\/agromt.news\/?p=10177","title":{"rendered":"Agro \u00e9 v\u00edtima das mudan\u00e7as clim\u00e1ticas, diz presidente da COP30"},"content":{"rendered":"<p> <br \/>\n<br \/><img decoding=\"async\" src=\"https:\/\/agromt.news\/wp-content\/uploads\/2025\/02\/Agro-e-vitima-das-mudancas-climaticas-diz-presidente-da-COP30.jpg\" \/><\/p>\n<div>\n<p>O presidente da COP30, embaixador e secret\u00e1rio de Clima, Energia e Meio Ambiente do Minist\u00e9rio das Rela\u00e7\u00f5es Exteriores, Andr\u00e9 Corr\u00eaa do Lago, afirmou que <strong><a href=\"https:\/\/www.canalrural.com.br\/tag\/agroneg%C3%B3cio\/\">o agroneg\u00f3cio<\/a><\/strong> \u00e9 mais uma v\u00edtima da mudan\u00e7a clim\u00e1tica, tema central das discuss\u00f5es do encontro que ser\u00e1 realizado em novembro, na cidade de Bel\u00e9m (PA).<\/p>\n<p><iframe title=\"Canal Rural Entrevista | Andr\u00e9 Corr\u00eaa do Lago, diplomata e presidente da COP30\" width=\"800\" height=\"450\" src=\"https:\/\/www.youtube.com\/embed\/F4P-cNXgc90?feature=oembed\" frameborder=\"0\" allow=\"accelerometer; autoplay; clipboard-write; encrypted-media; gyroscope; picture-in-picture; web-share\" referrerpolicy=\"strict-origin-when-cross-origin\" allowfullscreen><\/iframe><noscript><iframe title=\"Canal Rural Entrevista | Andr\u00e9 Corr\u00eaa do Lago, diplomata e presidente da COP30\" width=\"800\" height=\"450\" src=\"https:\/\/www.youtube.com\/embed\/F4P-cNXgc90?feature=oembed\" frameborder=\"0\" allow=\"accelerometer; autoplay; clipboard-write; encrypted-media; gyroscope; picture-in-picture; web-share\" referrerpolicy=\"strict-origin-when-cross-origin\" allowfullscreen><\/iframe><\/noscript><\/p>\n<p>Ele falou sobre as tratativas em rela\u00e7\u00e3o ao agroneg\u00f3cio e ressaltou que h\u00e1 uma certa preocupa\u00e7\u00e3o de que o debate em torno do clima tenha um impacto negativo sobre o agro.<\/p>\n<p>Corr\u00eaa do Lago acredita que setor \u00e9 v\u00edtima das mudan\u00e7as clim\u00e1ticas, pois, atualmente, a maior prioridade \u00e9 o combate \u00e0 pobreza e a seguran\u00e7a alimentar do mundo, e o segmento \u00e9 respons\u00e1vel por manter a produ\u00e7\u00e3o de alimentos.<\/p>\n<blockquote class=\"wp-block-quote is-layout-flow wp-block-quote-is-layout-flow\">\n<p>\u201cOs setores do agroneg\u00f3cio devem levar para a COP uma imagem fortalecida do segmento, pois o agro brasileiro j\u00e1 incorporou de maneira muito clara a necessidade da sustentabilidade\u201d, informou o embaixador.<\/p>\n<\/blockquote>\n<p>De acordo com Corr\u00eaa do Lago, todo o planeta est\u00e1 consciente de que a mudan\u00e7a do clima se tornou um tema t\u00e3o central que abarca todas as dimens\u00f5es da economia e agora da pol\u00edtica mundial.<\/p>\n<h2 class=\"wp-block-heading\" id=\"h-debates-e-discussoes\">Debates e discuss\u00f5es<\/h2>\n<p>Ele falou tamb\u00e9m sobre os desafios da COP30, que funciona atrav\u00e9s do debate de ideias entre representantes da sociedade, empresas de diversos setores e governos que precisam obter como resultado final um consenso.<\/p>\n<blockquote class=\"wp-block-quote is-layout-flow wp-block-quote-is-layout-flow\">\n<p>\u201cTodo mundo tem que estar de acordo, porque se n\u00e3o o documento final n\u00e3o \u00e9 aprovado, e essa negocia\u00e7\u00e3o \u00e9 a ess\u00eancia do evento, porque de certa forma vira um documento legal internacional\u201d, disse.<\/p>\n<\/blockquote>\n<\/div>\n<div>\n<p>Corr\u00eaa do Lago foi nomeado em janeiro de 2025 presidente da COP30 e j\u00e1 atuou como negociador chefe do Brasil na COP28 em Dubai, nos Emirados \u00c1rabes Unidos, e da COP29, no Azerbaij\u00e3o, al\u00e9m de ter sido embaixador do Brasil no Jap\u00e3o e na \u00cdndia.<\/p>\n<blockquote class=\"wp-block-quote is-layout-flow wp-block-quote-is-layout-flow\">\n<p>\u201cA gente tem que se dar conta que durante 12 dias o mundo inteiro estar\u00e1 olhando para Bel\u00e9m, ent\u00e3o precisamos pensar muito de que maneira o planeta est\u00e1 entendendo o que est\u00e1 acontecendo em Bel\u00e9m\u201d, declarou.<\/p>\n<\/blockquote>\n<p>Mitigar as emiss\u00f5es de CO2 e se adaptar \u00e0s mudan\u00e7as tamb\u00e9m ser\u00e3o temas das discuss\u00f5es. Lago citou exemplos da import\u00e2ncia que envolve esses debates. Ele mencionou o caso das enchentes do Rio Grande do Sul como uma situa\u00e7\u00e3o de adapta\u00e7\u00e3o.<\/p>\n<p>As secas nos rios da Amaz\u00f4nia foram usadas como forma de exemplificar a necessidade de mitigar as emiss\u00f5es de gases poluentes na atmosfera.<\/p>\n<h2 class=\"wp-block-heading\" id=\"h-cop30\">COP30<\/h2>\n<p>A 30\u00aa Confer\u00eancia das Na\u00e7\u00f5es Unidas sobre Mudan\u00e7a do Clima (COP30) \u00e9 o principal f\u00f3rum global para discutir estrat\u00e9gias de combate \u00e0s mudan\u00e7as clim\u00e1ticas. O evento reunir\u00e1 l\u00edderes mundiais, cientistas e representantes da sociedade civil em novembro, na cidade de Bel\u00e9m (PA).<\/p>\n<\/p><\/div>\n<p><br \/>\n<br \/><a href=\"https:\/\/www.canalrural.com.br\/cop30\/agro-e-vitima-das-mudancas-climaticas-diz-presidente-da-cop30\/\">Source link <\/a><\/p>\n","protected":false},"excerpt":{"rendered":"<p>O presidente da COP30, embaixador e secret\u00e1rio de Clima, Energia e Meio Ambiente do Minist\u00e9rio das Rela\u00e7\u00f5es Exteriores, Andr\u00e9 Corr\u00eaa<\/p>\n","protected":false},"author":1,"featured_media":10178,"comment_status":"open","ping_status":"open","sticky":false,"template":"","format":"standard","meta":{"_monsterinsights_skip_tracking":false,"_monsterinsights_sitenote_active":false,"_monsterinsights_sitenote_note":"","_monsterinsights_sitenote_category":0,"_uf_show_specific_survey":0,"_uf_disable_surveys":false,"footnotes":""},"categories":[1],"tags":[],"class_list":["post-10177","post","type-post","status-publish","format-standard","has-post-thumbnail","hentry","category-news"],"_links":{"self":[{"href":"https:\/\/agromt.news\/index.php?rest_route=\/wp\/v2\/posts\/10177"}],"collection":[{"href":"https:\/\/agromt.news\/index.php?rest_route=\/wp\/v2\/posts"}],"about":[{"href":"https:\/\/agromt.news\/index.php?rest_route=\/wp\/v2\/types\/post"}],"author":[{"embeddable":true,"href":"https:\/\/agromt.news\/index.php?rest_route=\/wp\/v2\/users\/1"}],"replies":[{"embeddable":true,"href":"https:\/\/agromt.news\/index.php?rest_route=%2Fwp%2Fv2%2Fcomments&post=10177"}],"version-history":[{"count":0,"href":"https:\/\/agromt.news\/index.php?rest_route=\/wp\/v2\/posts\/10177\/revisions"}],"wp:featuredmedia":[{"embeddable":true,"href":"https:\/\/agromt.news\/index.php?rest_route=\/wp\/v2\/media\/10178"}],"wp:attachment":[{"href":"https:\/\/agromt.news\/index.php?rest_route=%2Fwp%2Fv2%2Fmedia&parent=10177"}],"wp:term":[{"taxonomy":"category","embeddable":true,"href":"https:\/\/agromt.news\/index.php?rest_route=%2Fwp%2Fv2%2Fcategories&post=10177"},{"taxonomy":"post_tag","embeddable":true,"href":"https:\/\/agromt.news\/index.php?rest_route=%2Fwp%2Fv2%2Ftags&post=10177"}],"curies":[{"name":"wp","href":"https:\/\/api.w.org\/{rel}","templated":true}]}}