{"id":10175,"date":"2025-02-26T00:19:07","date_gmt":"2025-02-26T04:19:07","guid":{"rendered":"https:\/\/agromt.news\/?p=10175"},"modified":"2025-02-26T00:19:07","modified_gmt":"2025-02-26T04:19:07","slug":"beneficios-fiscais-com-inclusao-de-servicos-a-exportadores-e-ampliado","status":"publish","type":"post","link":"https:\/\/agromt.news\/?p=10175","title":{"rendered":"Benef\u00edcios fiscais com inclus\u00e3o de servi\u00e7os a exportadores \u00e9 ampliado"},"content":{"rendered":"<p> <br \/>\n<br \/><img decoding=\"async\" src=\"https:\/\/agromt.news\/wp-content\/uploads\/2024\/09\/Exportacao-pode-ser-carro-chefe-de-ciclo-economico-de-crescimento-diz.jpeg\" \/><\/p>\n<div>\n<p>O relator do projeto conhecido como \u201cAcredita Exporta\u00e7\u00e3o\u201d, Jonas Donizette (PSB-SP), ampliou benef\u00edcios fiscais a exportadores com a inclus\u00e3o de determinados servi\u00e7os em regimes aduaneiros especiais, segundo parecer divulgado nesta ter\u00e7a-feira (25). A\u00a0proposta partiu da C\u00e2mara e aguardava o aval do governo.<\/p>\n<p>De acordo com o relat\u00f3rio, Donizette prop\u00f5e a amplia\u00e7\u00e3o de benef\u00edcios para determinados servi\u00e7os nos regimes aduaneiros especiais de Drawback e Recof.<\/p>\n<p>O texto suspende o pagamento da Contribui\u00e7\u00e3o para o PIS\/Pasep, da Cofins, da Contribui\u00e7\u00e3o para o PIS\/Pasep Importa\u00e7\u00e3o e da Cofins-Importa\u00e7\u00e3o incidentes na importa\u00e7\u00e3o ou na aquisi\u00e7\u00e3o no mercado interno de servi\u00e7os vinculados \u00e0 exporta\u00e7\u00e3o ou \u00e0 entrega no exterior de produtos.<\/p>\n<p>A empresa poder\u00e1 utilizar o Drawback, regido pelo Minist\u00e9rio da Ind\u00fastria e do Com\u00e9rcio, ou o Recof, da Receita Federal.<\/p>\n<p>S\u00e3o considerados servi\u00e7os vinculados \u00e0 exporta\u00e7\u00e3o:<\/p>\n<ul>\n<li>Intermedia\u00e7\u00e3o na distribui\u00e7\u00e3o de mercadorias no exterior \u2013 comiss\u00e3o de agente;<\/li>\n<li>Seguro de cargas;<\/li>\n<li>Despacho aduaneiro;<\/li>\n<li>Armazenagem de mercadorias;<\/li>\n<li>Transporte rodovi\u00e1rio, ferrovi\u00e1rio, a\u00e9reo, aquavi\u00e1rio ou multimodal de cargas;<\/li>\n<li>Manuseio de cargas;<\/li>\n<li>Manuseio de cont\u00eaineres;<\/li>\n<li>Unitiza\u00e7\u00e3o ou desunitiza\u00e7\u00e3o de cargas;<\/li>\n<li>Consolida\u00e7\u00e3o ou desconsolida\u00e7\u00e3o de cargas;<\/li>\n<li>Agenciamento de transporte de cargas;<\/li>\n<li>Remessas expressas;<\/li>\n<li>Pesagem e medi\u00e7\u00e3o de cargas;<\/li>\n<li>Refrigera\u00e7\u00e3o de cargas;<\/li>\n<li>Arrendamento mercantil operacional ou loca\u00e7\u00e3o de cont\u00eaineres.<\/li>\n<\/ul>\n<\/div>\n<div>\n<p>Em rela\u00e7\u00e3o aos servi\u00e7os considerados associados \u00e0 entrega no exterior de produtos, est\u00e3o listados os de instala\u00e7\u00e3o e montagem de mercadorias exportadas e os de treinamento para o uso de mercadorias exportadas.<\/p>\n<p>Segundo o relator, a amplia\u00e7\u00e3o de benef\u00edcios para determinados servi\u00e7os no Drawback e no Recof tem impacto or\u00e7ament\u00e1rio e financeiro, conforme estimativas enviadas pela Secretaria Especial da Receita Federal, do Minist\u00e9rio da Fazenda.<\/p>\n<p>As proje\u00e7\u00f5es da RFB indicam que haver\u00e1 impacto or\u00e7ament\u00e1rio-financeiro adicional, na forma de diferimento ativo, para o ano de 2026, quando come\u00e7ar a vig\u00eancia da altera\u00e7\u00e3o no regime aduaneiro do Recof.<\/p>\n<p>O impacto adicional ser\u00e1 de R$ 472,23 milh\u00f5es para o pr\u00f3ximo e ser\u00e1, \u201cem tempo h\u00e1bil\u201d, inclu\u00eddo na pe\u00e7a or\u00e7ament\u00e1ria respectiva relativa a 2026.<\/p>\n<p>J\u00e1 o impacto do drawback est\u00e1, segundo o parlamentar, resguardado pelo Projeto de Lei Or\u00e7ament\u00e1ria para o ano de 2025 (PLOA-2025).<\/p>\n<\/p><\/div>\n<p><br \/>\n<br \/><a href=\"https:\/\/www.canalrural.com.br\/nacional\/beneficios-fiscais-com-inclusao-de-servicosa-a-exportadores-e-ampliado\/\">Source link <\/a><\/p>\n","protected":false},"excerpt":{"rendered":"<p>O relator do projeto conhecido como \u201cAcredita Exporta\u00e7\u00e3o\u201d, Jonas Donizette (PSB-SP), ampliou benef\u00edcios fiscais a exportadores com a inclus\u00e3o de<\/p>\n","protected":false},"author":1,"featured_media":1803,"comment_status":"open","ping_status":"open","sticky":false,"template":"","format":"standard","meta":{"_monsterinsights_skip_tracking":false,"_monsterinsights_sitenote_active":false,"_monsterinsights_sitenote_note":"","_monsterinsights_sitenote_category":0,"_uf_show_specific_survey":0,"_uf_disable_surveys":false,"footnotes":""},"categories":[1],"tags":[],"class_list":["post-10175","post","type-post","status-publish","format-standard","has-post-thumbnail","hentry","category-news"],"_links":{"self":[{"href":"https:\/\/agromt.news\/index.php?rest_route=\/wp\/v2\/posts\/10175"}],"collection":[{"href":"https:\/\/agromt.news\/index.php?rest_route=\/wp\/v2\/posts"}],"about":[{"href":"https:\/\/agromt.news\/index.php?rest_route=\/wp\/v2\/types\/post"}],"author":[{"embeddable":true,"href":"https:\/\/agromt.news\/index.php?rest_route=\/wp\/v2\/users\/1"}],"replies":[{"embeddable":true,"href":"https:\/\/agromt.news\/index.php?rest_route=%2Fwp%2Fv2%2Fcomments&post=10175"}],"version-history":[{"count":0,"href":"https:\/\/agromt.news\/index.php?rest_route=\/wp\/v2\/posts\/10175\/revisions"}],"wp:featuredmedia":[{"embeddable":true,"href":"https:\/\/agromt.news\/index.php?rest_route=\/wp\/v2\/media\/1803"}],"wp:attachment":[{"href":"https:\/\/agromt.news\/index.php?rest_route=%2Fwp%2Fv2%2Fmedia&parent=10175"}],"wp:term":[{"taxonomy":"category","embeddable":true,"href":"https:\/\/agromt.news\/index.php?rest_route=%2Fwp%2Fv2%2Fcategories&post=10175"},{"taxonomy":"post_tag","embeddable":true,"href":"https:\/\/agromt.news\/index.php?rest_route=%2Fwp%2Fv2%2Ftags&post=10175"}],"curies":[{"name":"wp","href":"https:\/\/api.w.org\/{rel}","templated":true}]}}