{"id":1016,"date":"2024-09-02T08:29:36","date_gmt":"2024-09-02T12:29:36","guid":{"rendered":"https:\/\/agromt.news\/?p=1016"},"modified":"2024-09-02T08:29:36","modified_gmt":"2024-09-02T12:29:36","slug":"lei-do-tabaco-gaucho-aprovada-pelo-tjrs-entenda","status":"publish","type":"post","link":"https:\/\/agromt.news\/?p=1016","title":{"rendered":"Lei do Tabaco Ga\u00facho Aprovada pelo TJRS: Entenda"},"content":{"rendered":"<p> <br \/>\n<\/p>\n<div>\n<div class=\"row\">\n<div class=\"col-lg col-infos mt-3 mt-lg-0\">\n<div class=\"section-sub-title\">\n<p itemprop=\"description\">\nO julgamento foi presidido pelo Desembargador Alberto Delgado Neto\n<\/p>\n<\/div>\n<div class=\"container\">\n<div class=\"row\">\n<div class=\"col-lg p-0\">\n<div>\n<div class=\"block-news-main-infos mt-3 text-start\">\n<strong class=\"fn\" itemprop=\"author\" style=\"color: rgb(112, 112, 112); \"><br \/>\n<a href=\"https:\/\/www.agrolink.com.br\/noticias\/javascript:;\" class=\"text-uppercase\" target=\"_blank\" style=\"color: rgb(112, 112, 112); \" rel=\"noopener\">Agrolink<\/a><br \/>\n&#8211; Leonardo Gottems<br \/>\n<\/strong><br \/>\n<br \/>\n<abbr><time datetime=\"2024-08-30T15:55\" itemprop=\"datePublished dateModified\">Publicado em 30\/08\/2024 \u00e0s 15:55h.<\/time><\/abbr>\n<\/div>\n<\/div>\n<\/div>\n<div class=\"col-lg p-0 text-lg-end\">\n<div>\n<div id=\"mdEnviarPagina\" class=\"modal fade\" role=\"dialog\">\n<div class=\"modal-dialog\">\n<div class=\"modal-content\">\n<div class=\"modal-body\">\n<p><strong>Estimado usu\u00e1rio.<\/strong><br \/>Preencha o formul\u00e1rio abaixo para remeter a p\u00e1gina.<\/p>\n<\/div>\n<\/div>\n<\/div>\n<\/div>\n<\/div>\n<\/div>\n<\/div>\n<\/div>\n<\/div>\n<\/div>\n<div class=\"row justify-content-md-center mt-3\">\n<div class=\"col-lg-auto col-image  block-news-main-image d-none d-md-block\">\n<img decoding=\"async\" src=\"https:\/\/www.agrolink.com.br\/upload\/imagens-resizes\/43704217b5154de7a957fe0d232bdac2_858x483.jpg\" class=\"lazyload\" alt=\"O julgamento foi presidido pelo Desembargador Alberto Delgado Neto\"\/><br \/>\n<span class=\"d-block mt-1\">O julgamento foi presidido pelo Desembargador Alberto Delgado Neto &#8211; Foto: Pixabay<\/span>\n<\/div>\n<\/div>\n<div class=\"section-description section-description-noticias mt-3\">\n<p>A Lei Estadual n\u00ba 15.958\/2023, que determina a classifica\u00e7\u00e3o do tabaco nas propriedades dos fumicultores ga\u00fachos, foi considerada constitucional pelo \u00d3rg\u00e3o Especial do Tribunal de Justi\u00e7a do Rio Grande do Sul (TJRS). A decis\u00e3o, tomada por maioria em sess\u00e3o telepresencial na tarde de segunda-feira (26\/8), tamb\u00e9m revogou a liminar que havia suspenso a lei no final do ano passado.\n<\/p>\n<p>O julgamento foi presidido pelo Desembargador Alberto Delgado Neto. A A\u00e7\u00e3o Direta de Inconstitucionalidade (ADI) havia sido proposta pelo Sindicato Interestadual da Ind\u00fastria do Tabaco (SINDITABACO), que argumentava que a lei violava o princ\u00edpio da separa\u00e7\u00e3o dos poderes e usurpava a compet\u00eancia da Uni\u00e3o para legislar sobre Direito Civil. Al\u00e9m disso, o sindicato alegava que a norma interferia na atividade empresarial do setor, comprometendo a liberdade econ\u00f4mica e a livre concorr\u00eancia. O Rio Grande do Sul conta com cerca de 70 mil unidades produtoras de tabaco.\n<\/p>\n<p>Em 16 de novembro de 2023, o Desembargador Carlos Eduardo Richiniti havia concedido uma medida cautelar, suspendendo a lei at\u00e9 que o \u00d3rg\u00e3o Especial a analisasse. Na decis\u00e3o final, o Desembargador Niwton Carpes da Silva votou pela improced\u00eancia da a\u00e7\u00e3o, destacando que a lei apenas altera o local da classifica\u00e7\u00e3o das folhas de tabaco, que passar\u00e1 a ocorrer na propriedade do produtor, ao inv\u00e9s das sedes das empresas. Para ele, a norma \u00e9 complementar \u00e0s disposi\u00e7\u00f5es federais e n\u00e3o agride a Constitui\u00e7\u00e3o. J\u00e1 o Desembargador Ney Wiedemann Neto, relator da ADI, considerou que a lei invade compet\u00eancias da Uni\u00e3o e viola princ\u00edpios constitucionais.<br \/>\u00a0\n<\/p>\n<\/div>\n<\/div>\n<p><script data-cfasync=\"false\">\n    !function (f, b, e, v, n, t, s) {\n        if (f.fbq) return; n = f.fbq = function () {\n            n.callMethod ?\n                n.callMethod.apply(n, arguments) : n.queue.push(arguments)\n        };\n        if (!f._fbq) f._fbq = n; n.push = n; n.loaded = !0; n.version = '2.0';\n        n.queue = []; t = b.createElement(e); t.async = !0;\n        t.src = v; s = b.getElementsByTagName(e)[0];\n        s.parentNode.insertBefore(t, s)\n    }(window, document, 'script',\n        'https:\/\/connect.facebook.net\/en_US\/fbevents.js');\n    fbq('init', '522546078623747');\n    fbq('track', 'PageView');\n<\/script><br \/>\n<br \/><br \/>\n<br \/><a href=\"https:\/\/www.agrolink.com.br\/noticias\/lei-do-tabaco-gaucho-aprovada-pelo-tjrs--entenda_494521.html\">Source link <\/a><\/p>\n","protected":false},"excerpt":{"rendered":"<p>O julgamento foi presidido pelo Desembargador Alberto Delgado Neto Agrolink &#8211; Leonardo Gottems Publicado em 30\/08\/2024 \u00e0s 15:55h. Estimado usu\u00e1rio.Preencha<\/p>\n","protected":false},"author":1,"featured_media":1017,"comment_status":"open","ping_status":"open","sticky":false,"template":"","format":"standard","meta":{"_monsterinsights_skip_tracking":false,"_monsterinsights_sitenote_active":false,"_monsterinsights_sitenote_note":"","_monsterinsights_sitenote_category":0,"_uf_show_specific_survey":0,"_uf_disable_surveys":false,"footnotes":""},"categories":[8,1,14],"tags":[],"class_list":["post-1016","post","type-post","status-publish","format-standard","has-post-thumbnail","hentry","category-agro","category-news","category-politica-agro"],"_links":{"self":[{"href":"https:\/\/agromt.news\/index.php?rest_route=\/wp\/v2\/posts\/1016"}],"collection":[{"href":"https:\/\/agromt.news\/index.php?rest_route=\/wp\/v2\/posts"}],"about":[{"href":"https:\/\/agromt.news\/index.php?rest_route=\/wp\/v2\/types\/post"}],"author":[{"embeddable":true,"href":"https:\/\/agromt.news\/index.php?rest_route=\/wp\/v2\/users\/1"}],"replies":[{"embeddable":true,"href":"https:\/\/agromt.news\/index.php?rest_route=%2Fwp%2Fv2%2Fcomments&post=1016"}],"version-history":[{"count":0,"href":"https:\/\/agromt.news\/index.php?rest_route=\/wp\/v2\/posts\/1016\/revisions"}],"wp:featuredmedia":[{"embeddable":true,"href":"https:\/\/agromt.news\/index.php?rest_route=\/wp\/v2\/media\/1017"}],"wp:attachment":[{"href":"https:\/\/agromt.news\/index.php?rest_route=%2Fwp%2Fv2%2Fmedia&parent=1016"}],"wp:term":[{"taxonomy":"category","embeddable":true,"href":"https:\/\/agromt.news\/index.php?rest_route=%2Fwp%2Fv2%2Fcategories&post=1016"},{"taxonomy":"post_tag","embeddable":true,"href":"https:\/\/agromt.news\/index.php?rest_route=%2Fwp%2Fv2%2Ftags&post=1016"}],"curies":[{"name":"wp","href":"https:\/\/api.w.org\/{rel}","templated":true}]}}