{"id":1010,"date":"2024-09-02T06:07:11","date_gmt":"2024-09-02T10:07:11","guid":{"rendered":"https:\/\/agromt.news\/?p=1010"},"modified":"2024-09-02T06:07:11","modified_gmt":"2024-09-02T10:07:11","slug":"abiec-reforca-potencial-da-carne-bovina-brasileira-no-mexico","status":"publish","type":"post","link":"https:\/\/agromt.news\/?p=1010","title":{"rendered":"Abiec refor\u00e7a potencial da carne bovina brasileira no M\u00e9xico"},"content":{"rendered":"<p> <br \/>\n<\/p>\n<div>\n<div class=\"row\">\n<div class=\"col-lg col-infos mt-3 mt-lg-0\">\n<div class=\"section-sub-title\">\n<p itemprop=\"description\">\nM\u00e9xico \u00e9 um dos mais recentes mercados abertos \u00e0 carne bovina\n<\/p>\n<\/div>\n<div class=\"container\">\n<div class=\"row\">\n<div class=\"col-lg p-0 text-lg-end\">\n<div>\n<div id=\"mdEnviarPagina\" class=\"modal fade\" role=\"dialog\">\n<div class=\"modal-dialog\">\n<div class=\"modal-content\">\n<div class=\"modal-body\">\n<p><strong>Estimado usu\u00e1rio.<\/strong><br \/>Preencha o formul\u00e1rio abaixo para remeter a p\u00e1gina.<\/p>\n<\/div>\n<\/div>\n<\/div>\n<\/div>\n<\/div>\n<\/div>\n<\/div>\n<\/div>\n<\/div>\n<\/div>\n<div class=\"row justify-content-md-center mt-3\">\n<div class=\"col-lg-auto col-image  block-news-main-image d-none d-md-block\">\n<img decoding=\"async\" src=\"https:\/\/www.agrolink.com.br\/upload\/imagens-resizes\/1ffefc67b8bd444d9f8d7540ccac63a0_858x483.jpg\" class=\"lazyload\"\/><br \/>\n<span class=\"publicity-photo d-block mt-1\">Foto: Pixabay<\/span>\n<\/div>\n<\/div>\n<div class=\"section-description section-description-noticias mt-3\">\n<p style=\"text-align:justify\">A Associa\u00e7\u00e3o Brasileira das Ind\u00fastrias Exportadoras de Carne (Abiec) participou nesta quinta-feira (29) de um evento na Embaixada do Brasil no M\u00e9xico, realizado em parceria com a Associa\u00e7\u00e3o Brasileira de Prote\u00edna Animal (ABPA), que integrou a miss\u00e3o oficial ao pa\u00eds, promovida pelo Minist\u00e9rio da Agricultura e Pecu\u00e1ria (Mapa).\n<\/p>\n<p style=\"text-align:justify\">O M\u00e9xico \u00e9 um dos mais recentes mercados abertos \u00e0 carne bovina brasileira, e desde ent\u00e3o, as exporta\u00e7\u00f5es crescem. No encontro com as autoridades governamentais e diplom\u00e1ticas mexicanas, a Associa\u00e7\u00e3o mostrou a evolu\u00e7\u00e3o dos embarques, e ressaltou o potencial de incremento e consolida\u00e7\u00e3o deste mercado. \u00a0Dentre as autoridades do Mapa presentes ao evento, estavam Roberto Perosa, secret\u00e1rio de Com\u00e9rcio e Rela\u00e7\u00f5es Internacionais, e Carlos Goulart, secret\u00e1rio de Defesa Agropecu\u00e1ria. Na agenda da miss\u00e3o est\u00e3o inclu\u00eddas reuni\u00f5es e rodadas de neg\u00f3cios.<\/p>\n<p style=\"text-align:justify\">Em um comparativo entre os per\u00edodos de janeiro a julho de 2023 e 2024, o volume exportado passou de 288 toneladas, em 2023, para 23.108 toneladas, em 2024. De acordo com a diretora de Rela\u00e7\u00f5es Internacionais da Abiec, Lhais Sparvoli, este salto significativo pode ser atribu\u00eddo a v\u00e1rios fatores, incluindo a alta demanda do mercado mexicano por carne de qualidade. \u201cMas \u00e9 sobretudo o reconhecimento da excel\u00eancia da carne bovina brasileira em termos de seguran\u00e7a e padr\u00f5es sanit\u00e1rios, e os esfor\u00e7os conjuntos de ambos os governos e setores privados para facilitar o com\u00e9rcio, com destaque para a pareceria com a Ag\u00eancia Brasileira de Promo\u00e7\u00e3o de Exporta\u00e7\u00f5es e Investimentos, a ApexBrasil, com o projeto Brazilian Beef\u201d, explica Lhais.\n<\/p>\n<p style=\"text-align:justify\">Ainda de acordo com a diretora, as importa\u00e7\u00f5es de carne bovina do Brasil pelo M\u00e9xico permitem que aquele pa\u00eds otimize o seu pr\u00f3prio mix de produtos exportados. \u201cEles suprem a demanda interna por um determinado tipo de carne com as importa\u00e7\u00f5es e ganham escala para exportar outros cortes, conforme a estrat\u00e9gia no momento\u201d, argumenta. \u201cEventos como esse ajudam a estreitar as rela\u00e7\u00f5es bilaterais e fazem parte de uma agenda estrat\u00e9gica constante\u201d, finaliza.<\/p>\n<\/div>\n<\/div>\n<p><script data-cfasync=\"false\">\n    !function (f, b, e, v, n, t, s) {\n        if (f.fbq) return; n = f.fbq = function () {\n            n.callMethod ?\n                n.callMethod.apply(n, arguments) : n.queue.push(arguments)\n        };\n        if (!f._fbq) f._fbq = n; n.push = n; n.loaded = !0; n.version = '2.0';\n        n.queue = []; t = b.createElement(e); t.async = !0;\n        t.src = v; s = b.getElementsByTagName(e)[0];\n        s.parentNode.insertBefore(t, s)\n    }(window, document, 'script',\n        'https:\/\/connect.facebook.net\/en_US\/fbevents.js');\n    fbq('init', '522546078623747');\n    fbq('track', 'PageView');\n<\/script><br \/>\n<br \/><br \/>\n<br \/><a href=\"https:\/\/www.agrolink.com.br\/noticias\/abiec-reforca-potencial-da-carne-bovina-brasileira-no-mexico_494522.html\">Source link <\/a><\/p>\n","protected":false},"excerpt":{"rendered":"<p>M\u00e9xico \u00e9 um dos mais recentes mercados abertos \u00e0 carne bovina Estimado usu\u00e1rio.Preencha o formul\u00e1rio abaixo para remeter a p\u00e1gina.<\/p>\n","protected":false},"author":1,"featured_media":1011,"comment_status":"open","ping_status":"open","sticky":false,"template":"","format":"standard","meta":{"_monsterinsights_skip_tracking":false,"_monsterinsights_sitenote_active":false,"_monsterinsights_sitenote_note":"","_monsterinsights_sitenote_category":0,"_uf_show_specific_survey":0,"_uf_disable_surveys":false,"footnotes":""},"categories":[8,1,14],"tags":[],"class_list":["post-1010","post","type-post","status-publish","format-standard","has-post-thumbnail","hentry","category-agro","category-news","category-politica-agro"],"_links":{"self":[{"href":"https:\/\/agromt.news\/index.php?rest_route=\/wp\/v2\/posts\/1010"}],"collection":[{"href":"https:\/\/agromt.news\/index.php?rest_route=\/wp\/v2\/posts"}],"about":[{"href":"https:\/\/agromt.news\/index.php?rest_route=\/wp\/v2\/types\/post"}],"author":[{"embeddable":true,"href":"https:\/\/agromt.news\/index.php?rest_route=\/wp\/v2\/users\/1"}],"replies":[{"embeddable":true,"href":"https:\/\/agromt.news\/index.php?rest_route=%2Fwp%2Fv2%2Fcomments&post=1010"}],"version-history":[{"count":0,"href":"https:\/\/agromt.news\/index.php?rest_route=\/wp\/v2\/posts\/1010\/revisions"}],"wp:featuredmedia":[{"embeddable":true,"href":"https:\/\/agromt.news\/index.php?rest_route=\/wp\/v2\/media\/1011"}],"wp:attachment":[{"href":"https:\/\/agromt.news\/index.php?rest_route=%2Fwp%2Fv2%2Fmedia&parent=1010"}],"wp:term":[{"taxonomy":"category","embeddable":true,"href":"https:\/\/agromt.news\/index.php?rest_route=%2Fwp%2Fv2%2Fcategories&post=1010"},{"taxonomy":"post_tag","embeddable":true,"href":"https:\/\/agromt.news\/index.php?rest_route=%2Fwp%2Fv2%2Ftags&post=1010"}],"curies":[{"name":"wp","href":"https:\/\/api.w.org\/{rel}","templated":true}]}}