{"id":10055,"date":"2025-02-24T08:55:03","date_gmt":"2025-02-24T12:55:03","guid":{"rendered":"https:\/\/agromt.news\/?p=10055"},"modified":"2025-02-24T08:55:03","modified_gmt":"2025-02-24T12:55:03","slug":"sabiamos-que-o-plano-safra-iria-ficar-sem-recursos-diz-favaro-a-cnn","status":"publish","type":"post","link":"https:\/\/agromt.news\/?p=10055","title":{"rendered":"&#8216;Sab\u00edamos que o Plano Safra iria ficar sem recursos&#8217;, diz F\u00e1varo \u00e0 CNN"},"content":{"rendered":"<p> <br \/>\n<br \/><img decoding=\"async\" src=\"https:\/\/agromt.news\/wp-content\/uploads\/2025\/02\/Sabiamos-que-o-Plano-Safra-iria-ficar-sem-recursos-diz.jpg\" \/><\/p>\n<div>\n<p>O <strong><a href=\"https:\/\/www.canalrural.com.br\/tag\/carlos-f%C3%A1varo\/\">ministro da Agricultura, Carlos F\u00e1varo<\/a><\/strong>, abordou as recentes indefini\u00e7\u00f5es em torno do Plano Safra durante uma entrevista \u00e0 CNN no final de semana. Carlos F\u00e1varo revelou que o governo j\u00e1 estava ciente da necessidade de paralisar temporariamente o programa devido \u00e0 escassez de recursos. Segundo o ministro, o Minist\u00e9rio da Agricultura estava acompanhando de perto a situa\u00e7\u00e3o e sabia que, em algum momento, seria necess\u00e1rio interromper o fluxo de libera\u00e7\u00e3o de recursos.<\/p>\n<p>F\u00e1varo destacou que, diante desse cen\u00e1rio, o governo tomou a decis\u00e3o estrat\u00e9gica de priorizar o Programa Nacional de Fortalecimento da Agricultura Familiar (Pronaf). O ministro enfatizou que o <strong><a href=\"https:\/\/www.canalrural.com.br\/tag\/lula\/\">presidente Luiz In\u00e1cio Lula da Silva<\/a><\/strong> expressou seu desejo de evitar uma interrup\u00e7\u00e3o prolongada do Plano Safra.<\/p>\n<h2 class=\"wp-block-heading\" id=\"h-continuidade-do-plano-safra\">Continuidade do Plano Safra <\/h2>\n<p>Em resposta a essa diretriz presidencial, o ministro da Fazenda, Fernando Haddad, entrou em contato com o Tribunal de Contas da Uni\u00e3o (TCU) e <strong><a href=\"https:\/\/www.canalrural.com.br\/economia\/haddad-anuncia-medida-provisoria-para-linha-de-credito-extraordinaria-do-plano-safra\/\">editou uma medida provis\u00f3ria para garantir a continuidade das contrata\u00e7\u00f5es<\/a><\/strong>. <\/p>\n<\/div>\n<p><br \/>\n<br \/><a href=\"https:\/\/www.canalrural.com.br\/agricultura\/sabiamos-que-o-plano-safra-iria-ficar-sem-recursos-diz-favaro-a-cnn\/\">Source link <\/a><\/p>\n","protected":false},"excerpt":{"rendered":"<p>O ministro da Agricultura, Carlos F\u00e1varo, abordou as recentes indefini\u00e7\u00f5es em torno do Plano Safra durante uma entrevista \u00e0 CNN<\/p>\n","protected":false},"author":1,"featured_media":10056,"comment_status":"open","ping_status":"open","sticky":false,"template":"","format":"standard","meta":{"_monsterinsights_skip_tracking":false,"_monsterinsights_sitenote_active":false,"_monsterinsights_sitenote_note":"","_monsterinsights_sitenote_category":0,"_uf_show_specific_survey":0,"_uf_disable_surveys":false,"footnotes":""},"categories":[1],"tags":[],"class_list":["post-10055","post","type-post","status-publish","format-standard","has-post-thumbnail","hentry","category-news"],"_links":{"self":[{"href":"https:\/\/agromt.news\/index.php?rest_route=\/wp\/v2\/posts\/10055"}],"collection":[{"href":"https:\/\/agromt.news\/index.php?rest_route=\/wp\/v2\/posts"}],"about":[{"href":"https:\/\/agromt.news\/index.php?rest_route=\/wp\/v2\/types\/post"}],"author":[{"embeddable":true,"href":"https:\/\/agromt.news\/index.php?rest_route=\/wp\/v2\/users\/1"}],"replies":[{"embeddable":true,"href":"https:\/\/agromt.news\/index.php?rest_route=%2Fwp%2Fv2%2Fcomments&post=10055"}],"version-history":[{"count":0,"href":"https:\/\/agromt.news\/index.php?rest_route=\/wp\/v2\/posts\/10055\/revisions"}],"wp:featuredmedia":[{"embeddable":true,"href":"https:\/\/agromt.news\/index.php?rest_route=\/wp\/v2\/media\/10056"}],"wp:attachment":[{"href":"https:\/\/agromt.news\/index.php?rest_route=%2Fwp%2Fv2%2Fmedia&parent=10055"}],"wp:term":[{"taxonomy":"category","embeddable":true,"href":"https:\/\/agromt.news\/index.php?rest_route=%2Fwp%2Fv2%2Fcategories&post=10055"},{"taxonomy":"post_tag","embeddable":true,"href":"https:\/\/agromt.news\/index.php?rest_route=%2Fwp%2Fv2%2Ftags&post=10055"}],"curies":[{"name":"wp","href":"https:\/\/api.w.org\/{rel}","templated":true}]}}