{"id":10053,"date":"2025-02-24T08:05:48","date_gmt":"2025-02-24T12:05:48","guid":{"rendered":"https:\/\/agromt.news\/?p=10053"},"modified":"2025-02-24T08:05:48","modified_gmt":"2025-02-24T12:05:48","slug":"altas-temperaturas-marcam-o-inicio-da-semana-saiba-ate-quando","status":"publish","type":"post","link":"https:\/\/agromt.news\/?p=10053","title":{"rendered":"Altas temperaturas marcam o in\u00edcio da semana; saiba at\u00e9 quando"},"content":{"rendered":"<p> <br \/>\n<br \/><img decoding=\"async\" src=\"https:\/\/agromt.news\/wp-content\/uploads\/2024\/09\/calor-seca-e-neblina-marcam-a-terca-feira.jpeg\" \/><\/p>\n<div>\n<p>Come\u00e7amos <strong><a href=\"https:\/\/tempo.canalrural.com.br\/\">a previs\u00e3o do tempo<\/a><\/strong> com informa\u00e7\u00f5es de S\u00e3o Paulo, onde o sol predomina na maior parte desta segunda-feira (24), com previs\u00e3o de chuva na parte da tarde e da noite, com alerta para temporais. Acumulado esperado de 25 mm. A temperatura m\u00e1xima ser\u00e1 de 32\u00baC.<\/p>\n<h2 class=\"wp-block-heading\" id=\"h-sobre-as-altas-temperaturas-informacao-importante\">Sobre as altas temperaturas, informa\u00e7\u00e3o importante<\/h2>\n<p>A <strong><a href=\"https:\/\/www.canalrural.com.br\/tag\/onda-de-calor\/\">onda de calor<\/a><\/strong> que come\u00e7ou no final de semana na regi\u00e3o Sul ficar\u00e1 at\u00e9 o dia 27 de fevereiro. O fen\u00f4meno \u00e9 originado por um sistema de alta press\u00e3o em m\u00e9dios n\u00edveis que intensifica a circula\u00e7\u00e3o dos ventos de cima para baixo, intensificando o calor. Veja como fica o clima no restante do pa\u00eds de acordo com a Climatempo:<\/p>\n<h2 class=\"wp-block-heading\" id=\"h-sul\">Sul<\/h2>\n<p>A segunda-feira ser\u00e1 de temperaturas altas no Rio Grande do Sul, sem previs\u00e3o de chuva em boa parte do estado, enquanto o oeste de Santa Catarina e o sudoeste do Paran\u00e1 ter\u00e3o ar mais seco. Destaque para faixa norte do Rio Grande do Sul, oeste de Santa Catarina, sudoeste do Paran\u00e1 e norte do Paran\u00e1, onde a chuva chega na forma de pancadas e que vem com moderada a forte intensidade.<\/p>\n<h2 class=\"wp-block-heading\" id=\"h-sudeste\">Sudeste<\/h2>\n<p>A semana inicia com tempo inst\u00e1vel na regi\u00e3o e o fim da onda de calor, com \u00e1reas de instabilidade espalhando chuva forte no leste e nordeste de Minas Gerais, no Esp\u00edrito Santo, no centro-norte e interior do Rio de Janeiro e em S\u00e3o Paulo. Alerta para temporais na faixa oeste e leste de S\u00e3o Paulo, para o restante das regi\u00f5es, as pancadas chegam com moderada a forte intensidade.<\/p>\n<\/div>\n<div>\n<h2 class=\"wp-block-heading\" id=\"h-centro-oeste\">Centro-Oeste<\/h2>\n<p>A forma\u00e7\u00e3o de uma \u00e1rea de baixa press\u00e3o sobre a regi\u00e3o favorecer\u00e1 o aumento da nebulosidade em todos os estados. O sol aparece um pouco mais na faixa leste de Goi\u00e1s e Distrito Federal. Alerta para temporais em toda a faixa centro-norte do Mato Grosso do Sul, sul de Goi\u00e1s, sul do Mato Grosso e tamb\u00e9m na faixa nordeste. Para o restante das regi\u00f5es, a chuva chega com moderada a forte intensidade.<\/p>\n<h2 class=\"wp-block-heading\" id=\"h-nordeste\">Nordeste<\/h2>\n<p>A chuva se espalhar\u00e1 por toda a \u00e1rea e poder\u00e1 vir com for\u00e7a entre Maranh\u00e3o e Piau\u00ed, havendo tamb\u00e9m risco de pancadas fortes no leste e litoral do Cear\u00e1, chuva moderada no litoral do Rio Grande do Norte e no leste de Pernambuco, al\u00e9m de pancadas fortes e calor no sul da Bahia. Alerta para temporais entre o litoral do Maranh\u00e3o e o litoral do Cear\u00e1, e sul do Maranh\u00e3o e sul do Piau\u00ed.<\/p>\n<h2 class=\"wp-block-heading\" id=\"h-norte\">Norte<\/h2>\n<p>A semana come\u00e7a com chuva em boa parte da regi\u00e3o. Alerta para temporais no Acre, Amazonas, Tocantins e Amap\u00e1. Para o restante das regi\u00f5es, a chuva chega com moderada a forte intensidade.<\/p>\n<\/p><\/div>\n<p><br \/>\n<br \/><a href=\"https:\/\/www.canalrural.com.br\/tempo\/altas-temperaturas-marcam-o-inicio-da-semana-saiba-ate-quando\/\">Source link <\/a><\/p>\n","protected":false},"excerpt":{"rendered":"<p>Come\u00e7amos a previs\u00e3o do tempo com informa\u00e7\u00f5es de S\u00e3o Paulo, onde o sol predomina na maior parte desta segunda-feira (24),<\/p>\n","protected":false},"author":1,"featured_media":1046,"comment_status":"open","ping_status":"open","sticky":false,"template":"","format":"standard","meta":{"_monsterinsights_skip_tracking":false,"_monsterinsights_sitenote_active":false,"_monsterinsights_sitenote_note":"","_monsterinsights_sitenote_category":0,"_uf_show_specific_survey":0,"_uf_disable_surveys":false,"footnotes":""},"categories":[1],"tags":[],"class_list":["post-10053","post","type-post","status-publish","format-standard","has-post-thumbnail","hentry","category-news"],"_links":{"self":[{"href":"https:\/\/agromt.news\/index.php?rest_route=\/wp\/v2\/posts\/10053"}],"collection":[{"href":"https:\/\/agromt.news\/index.php?rest_route=\/wp\/v2\/posts"}],"about":[{"href":"https:\/\/agromt.news\/index.php?rest_route=\/wp\/v2\/types\/post"}],"author":[{"embeddable":true,"href":"https:\/\/agromt.news\/index.php?rest_route=\/wp\/v2\/users\/1"}],"replies":[{"embeddable":true,"href":"https:\/\/agromt.news\/index.php?rest_route=%2Fwp%2Fv2%2Fcomments&post=10053"}],"version-history":[{"count":0,"href":"https:\/\/agromt.news\/index.php?rest_route=\/wp\/v2\/posts\/10053\/revisions"}],"wp:featuredmedia":[{"embeddable":true,"href":"https:\/\/agromt.news\/index.php?rest_route=\/wp\/v2\/media\/1046"}],"wp:attachment":[{"href":"https:\/\/agromt.news\/index.php?rest_route=%2Fwp%2Fv2%2Fmedia&parent=10053"}],"wp:term":[{"taxonomy":"category","embeddable":true,"href":"https:\/\/agromt.news\/index.php?rest_route=%2Fwp%2Fv2%2Fcategories&post=10053"},{"taxonomy":"post_tag","embeddable":true,"href":"https:\/\/agromt.news\/index.php?rest_route=%2Fwp%2Fv2%2Ftags&post=10053"}],"curies":[{"name":"wp","href":"https:\/\/api.w.org\/{rel}","templated":true}]}}