{"id":1004,"date":"2024-09-01T23:21:27","date_gmt":"2024-09-02T03:21:27","guid":{"rendered":"https:\/\/agromt.news\/?p=1004"},"modified":"2024-09-01T23:21:27","modified_gmt":"2024-09-02T03:21:27","slug":"sistemas-integrados-cana-graos-potencializam-a-pegada-de-carbono-favoravel-dos-graos","status":"publish","type":"post","link":"https:\/\/agromt.news\/?p=1004","title":{"rendered":"Sistemas integrados cana-gr\u00e3os potencializam a pegada de carbono favor\u00e1vel dos gr\u00e3os"},"content":{"rendered":"<p> <br \/>\n<br \/><img decoding=\"async\" src=\"https:\/\/agromt.news\/wp-content\/uploads\/2024\/09\/Sistemas-integrados-cana-graos-potencializam-a-pegada-de-carbono-favoravel-dos.jpg\" \/><\/p>\n<div>\n<p>Na \u00faltima ter\u00e7a-feira (27), ocorreu a 5\u00aa Reuni\u00e3o do Grupo Fitot\u00e9cnico IAC, no audit\u00f3rio principal do Centro de Cana IAC em Ribeir\u00e3o Preto-SP. O evento contou com a participa\u00e7\u00e3o de especialistas e representantes do setor sucroenerg\u00e9tico, que discutiram temas relacionados \u00e0 sustentabilidade e inova\u00e7\u00e3o na agricultura.<\/p>\n<p><em>Confira na palma da m\u00e3o informa\u00e7\u00f5es quentes sobre agricultura, pecu\u00e1ria, economia e previs\u00e3o do tempo:<\/em><a href=\"https:\/\/www.whatsapp.com\/channel\/0029Va9VnZxGk1FplZjiW43k\"><em> <\/em><strong>siga o Canal Rural no WhatsApp<\/strong><\/a>!<\/p>\n<p>Marcos Landell, coordenador do Grupo Fitot\u00e9cnico IAC, abriu o evento, destacando a import\u00e2ncia dos sistemas integrados de produ\u00e7\u00e3o, que combinam o cultivo de cana-de-a\u00e7\u00facar com <a href=\"https:\/\/www.canalrural.com.br\/tag\/graos\/\">gr\u00e3os<\/a>, como soja e amendoim, para potencializar uma pegada de carbono mais favor\u00e1vel dos gr\u00e3os.<\/p>\n<\/div>\n<div>\n<h2 class=\"wp-block-heading\" id=\"h-vantagens-ambientais-e-economicas-da-integracao-cana-graos\"><strong>Vantagens ambientais e econ\u00f4micas da integra\u00e7\u00e3o cana-gr\u00e3os<\/strong><\/h2>\n<p>Nilza Patr\u00edcia Ramos, pesquisadora da Embrapa Meio Ambiente, apresentou uma palestra sobre a contabilidade de carbono em sistemas de cana-de-a\u00e7\u00facar integrados com gr\u00e3os. Segundo Ramos, a integra\u00e7\u00e3o de culturas ocorre principalmente durante a reforma do canavial, per\u00edodo em que o solo fica livre para o cultivo de outras plantas. Ela explicou que essa pr\u00e1tica n\u00e3o s\u00f3 proporciona uma receita adicional para os produtores, reduzindo os custos da implanta\u00e7\u00e3o da cana, mas tamb\u00e9m permite o compartilhamento das emiss\u00f5es de gases de efeito estufa provenientes das opera\u00e7\u00f5es de preparo da \u00e1rea.<\/p>\n<p>\u201c<em>H\u00e1 tamb\u00e9m o potencial de entrada de carbono no solo pela perman\u00eancia dos restos culturais dos gr\u00e3os, dependendo da esp\u00e9cie plantada. A soja e o amendoim s\u00e3o duas dessas esp\u00e9cies<\/em>\u201c, destacou Ramos. A integra\u00e7\u00e3o, portanto, n\u00e3o s\u00f3 melhora o uso da terra, mas tamb\u00e9m combate as mudan\u00e7as clim\u00e1ticas ao promover um ciclo de carbono mais sustent\u00e1vel.<\/p>\n<h2 class=\"wp-block-heading\" id=\"h-outros-temas-discutidos-no-evento\"><strong>Outros temas discutidos no evento<\/strong><\/h2>\n<p>O evento tamb\u00e9m incluiu palestras sobre os benef\u00edcios da inclus\u00e3o do amendoim na reforma da cana-de-a\u00e7\u00facar, com Jos\u00e9 Rossato, presidente da C\u00e2mara Setorial do Amendoim, e sobre solu\u00e7\u00f5es para o per\u00edodo vegetativo da cana, apresentadas por Aim\u00eae Seleghim, especialista em cana-de-a\u00e7\u00facar da Stoller, que falou sobre o Programa Promova ND.<\/p>\n<p>Representantes de v\u00e1rias usinas, incluindo Usinas Santa Ad\u00e9lia, Nardini Agroindustrial, MGC Agroindustrial, Usina Cerrad\u00e3o, Grupo Alta Mogiana, e do sindicato rural de Jaboticabal, compartilharam suas experi\u00eancias com a reforma de gr\u00e3os, enfatizando as pr\u00e1ticas bem-sucedidas e os desafios enfrentados.<\/p>\n<h2 class=\"wp-block-heading\" id=\"h-campanha-beneficente-e-participacao\"><strong>Campanha beneficente e participa\u00e7\u00e3o<\/strong><\/h2>\n<p>Al\u00e9m das discuss\u00f5es t\u00e9cnicas, o evento tamb\u00e9m teve um car\u00e1ter solid\u00e1rio. O coordenador do Grupo Fitot\u00e9cnico IAC solicitou a doa\u00e7\u00e3o de 1 kg de alimento n\u00e3o perec\u00edvel como parte de uma campanha beneficente. As doa\u00e7\u00f5es ser\u00e3o enviadas para institui\u00e7\u00f5es de caridade, fortalecendo o compromisso do setor agr\u00edcola com a responsabilidade social.<\/p>\n<p>As inscri\u00e7\u00f5es para o evento foram realizadas pelo <a href=\"https:\/\/grupofitotecnicodecana.com.br\/\">site oficial do Grupo Fitot\u00e9cnico de Cana<\/a>, e os organizadores esperam que as pr\u00e1ticas discutidas contribuam para um setor mais sustent\u00e1vel e eficiente.<\/p>\n<\/div>\n<p><br \/>\n<br \/><a href=\"https:\/\/www.canalrural.com.br\/agricultura\/sistemas-integrados-cana-graos-potencializam-a-pegada-de-carbono-favoravel-dos-graos\/\">Source link <\/a><\/p>\n","protected":false},"excerpt":{"rendered":"<p>Na \u00faltima ter\u00e7a-feira (27), ocorreu a 5\u00aa Reuni\u00e3o do Grupo Fitot\u00e9cnico IAC, no audit\u00f3rio principal do Centro de Cana IAC<\/p>\n","protected":false},"author":1,"featured_media":1005,"comment_status":"open","ping_status":"open","sticky":false,"template":"","format":"standard","meta":{"_monsterinsights_skip_tracking":false,"_monsterinsights_sitenote_active":false,"_monsterinsights_sitenote_note":"","_monsterinsights_sitenote_category":0,"_uf_show_specific_survey":0,"_uf_disable_surveys":false,"footnotes":""},"categories":[1],"tags":[],"class_list":["post-1004","post","type-post","status-publish","format-standard","has-post-thumbnail","hentry","category-news"],"_links":{"self":[{"href":"https:\/\/agromt.news\/index.php?rest_route=\/wp\/v2\/posts\/1004"}],"collection":[{"href":"https:\/\/agromt.news\/index.php?rest_route=\/wp\/v2\/posts"}],"about":[{"href":"https:\/\/agromt.news\/index.php?rest_route=\/wp\/v2\/types\/post"}],"author":[{"embeddable":true,"href":"https:\/\/agromt.news\/index.php?rest_route=\/wp\/v2\/users\/1"}],"replies":[{"embeddable":true,"href":"https:\/\/agromt.news\/index.php?rest_route=%2Fwp%2Fv2%2Fcomments&post=1004"}],"version-history":[{"count":0,"href":"https:\/\/agromt.news\/index.php?rest_route=\/wp\/v2\/posts\/1004\/revisions"}],"wp:featuredmedia":[{"embeddable":true,"href":"https:\/\/agromt.news\/index.php?rest_route=\/wp\/v2\/media\/1005"}],"wp:attachment":[{"href":"https:\/\/agromt.news\/index.php?rest_route=%2Fwp%2Fv2%2Fmedia&parent=1004"}],"wp:term":[{"taxonomy":"category","embeddable":true,"href":"https:\/\/agromt.news\/index.php?rest_route=%2Fwp%2Fv2%2Fcategories&post=1004"},{"taxonomy":"post_tag","embeddable":true,"href":"https:\/\/agromt.news\/index.php?rest_route=%2Fwp%2Fv2%2Ftags&post=1004"}],"curies":[{"name":"wp","href":"https:\/\/api.w.org\/{rel}","templated":true}]}}