{"id":1002,"date":"2024-09-01T23:20:25","date_gmt":"2024-09-02T03:20:25","guid":{"rendered":"https:\/\/agromt.news\/?p=1002"},"modified":"2024-09-01T23:20:25","modified_gmt":"2024-09-02T03:20:25","slug":"abertura-oficial-da-47a-expointer-exalta-resiliencia-do-povo-gaucho","status":"publish","type":"post","link":"https:\/\/agromt.news\/?p=1002","title":{"rendered":"Abertura oficial da 47\u00aa Expointer exalta resili\u00eancia do povo ga\u00facho"},"content":{"rendered":"<p> <br \/>\n<\/p>\n<div>\n<p style=\"text-align:justify\">A abertura oficial da 47\u00aa Expointer, realizada na manh\u00e3 desta sexta-feira (30), destacou a for\u00e7a da agricultura e da pecu\u00e1ria do Rio Grande do Sul, presenteando os visitantes com os principais destaques e campe\u00f5es deste ano no Parque de Exposi\u00e7\u00f5es Assis Brasil, em Esteio. A cerim\u00f4nia, que teve a apresenta\u00e7\u00e3o da banda da Brigada Militar e de m\u00fasicos ga\u00fachos, contou com os tradicionais desfiles dos campe\u00f5es e uma programa\u00e7\u00e3o dedicada a exaltar a resili\u00eancia do povo ga\u00facho ap\u00f3s as enchentes.\n<\/p>\n<p style=\"text-align:justify\">Nomeada como a Expointer da Retomada e da Recupera\u00e7\u00e3o, a feira simbolizou o esp\u00edrito de supera\u00e7\u00e3o do Estado, demonstrando que o setor tem se reerguido ap\u00f3s as inunda\u00e7\u00f5es de abril e maio. A cerim\u00f4nia foi aberta com a execu\u00e7\u00e3o do Hino Nacional pela banda da Brigada Militar.<\/p>\n<p style=\"text-align:justify\">Em reconhecimento aos que trabalharam nos momentos cr\u00edticos da enchente, membros da Defesa Civil e da Brigada Militar, agentes de sa\u00fade e da assist\u00eancia social e volunt\u00e1rios das for\u00e7as de seguran\u00e7a e da sociedade civil, que atuaram nas a\u00e7\u00f5es de salvamento, desfilaram pela Pista Central do parque. O desfile foi aberto pelo cavalo Caramelo, cujo resgate durante a calamidade causou grande como\u00e7\u00e3o.<\/p>\n<p style=\"text-align:justify\">As apresenta\u00e7\u00f5es musicais come\u00e7aram com Wilson Paim interpretando \u201cAinda existe um lugar\u201d, can\u00e7\u00e3o de sua autoria que celebra a cultura do Estado e a uni\u00e3o do povo. Juliana Spavanello executou a ic\u00f4nica \u201cC\u00e9u, sol, sul, terra e cor\u201d, do compositor ga\u00facho Leonardo, acompanhada por uma apresenta\u00e7\u00e3o de dan\u00e7a dos Centros de Tradi\u00e7\u00e3o Ga\u00facha (CTGs) Rancho da Saudade, de Cachoeirinha, Gildo de Freitas, de Porto Alegre, e Sociedade Ga\u00facha Lomba Grande, de Novo Hamburgo. Daniel Torres encerrou as apresenta\u00e7\u00f5es musicais com \u201cHino ao Rio Grande\u201d, de Cristiano Quevedo, que exalta as caracter\u00edsticas naturais e culturais da regi\u00e3o.<\/p>\n<p style=\"text-align:justify\">O tradicional desfile de cavalos da Associa\u00e7\u00e3o Brasileira de Criadores de Cavalos Crioulos (ABCCC) apresentou, al\u00e9m das bandeiras do Brasil, do Rio Grande do Sul e da pr\u00f3pria ABCCC, uma do Estado com marcas de lama representando a enchente. A associa\u00e7\u00e3o tamb\u00e9m realizou uma breve apresenta\u00e7\u00e3o com cavaleiros-mirins.\n<\/p>\n<p style=\"text-align:justify\">O momento mais aguardado da cerim\u00f4nia foi o desfile dos grandes campe\u00f5es da Expointer, apresentado pelo diretor administrativo do Parque Assis Brasil, \u00c9der de Azevedo. Criadores de diversas ra\u00e7as exibiram os animais premiados. Al\u00e9m disso, a Pista Central recebeu novamente os campe\u00f5es do Pavilh\u00e3o da Agricultura Familiar.<\/p>\n<p style=\"text-align:justify\">Em seu discurso, o governador Eduardo Leite destacou a resili\u00eancia do povo, enfatizando o papel do produtor na retomada da economia do Rio Grande do Sul. \u201cO ga\u00facho mostra que supera dificuldades e se supera, enfrentando as limita\u00e7\u00f5es, empreendendo e comparecendo para fazer uma bel\u00edssima Expointer, que sem d\u00favida \u00e9 uma alavanca para a retomada do Estado\u201d, comemorou.<\/p>\n<p style=\"text-align:justify\">Leite tamb\u00e9m mencionou a presen\u00e7a do movimento SOS Agro, ressaltando a necessidade de agilizar o acesso aos recursos para os produtores afetados pelas calamidades. \u201cNo SOS Agro, vemos o clamor e a ang\u00fastia, expressa por quem trabalha e empreende no campo, e que est\u00e1 sofrendo n\u00e3o apenas os efeitos da \u00faltima calamidade, mas a sucess\u00e3o de frustra\u00e7\u00f5es na sua produ\u00e7\u00e3o em raz\u00e3o de outros eventos meteorol\u00f3gicos\u201d, disse. \u201cO movimento est\u00e1 mostrando o que n\u00e3o est\u00e1 suficiente e refor\u00e7ando que \u00e9 preciso mais agilidade e facilidade, com menos burocracia, para acessar os recursos.\u201d<\/p>\n<p style=\"text-align:justify\">\u201cNa Expointer, o Rio Grande do Sul mostrou sua for\u00e7a, coragem, resili\u00eancia e capacidade para se reerguer. Todo dia no campo, os produtores t\u00eam de se recuperar, seja ap\u00f3s a seca ou as fortes chuvas. E n\u00e3o podemos ficar sem a feira, uma data que \u00e9 um grande patrim\u00f4nio do Estado\u201d, afirmou o secret\u00e1rio da Agricultura, Pecu\u00e1ria, Produ\u00e7\u00e3o Sustent\u00e1vel e Irriga\u00e7\u00e3o, Clair Kuhn.\n<\/p>\n<p style=\"text-align:justify\">O secret\u00e1rio de Desenvolvimento Rural, Vilson Covatti, frisou a import\u00e2ncia da presen\u00e7a dos expositores no Pavilh\u00e3o da Agricultura Familiar (PAF). \u201cMuitos dos nossos agricultores que est\u00e3o no pavilh\u00e3o perderam casas, instala\u00e7\u00f5es e at\u00e9 membros de suas fam\u00edlias, mas ainda assim juntaram for\u00e7as e vierem oferecer o que h\u00e1 de melhor no setor. Esta \u00e9 mais do que a Expointer da reconstru\u00e7\u00e3o, \u00e9 tamb\u00e9m da esperan\u00e7a\u201d, destacou.<\/p>\n<p style=\"text-align:justify\">Covatti ainda celebrou o sucesso do PAF, que j\u00e1 no primeiro fim de semana bateu recordes de vendas, com um aumento de 11% em rela\u00e7\u00e3o a 2023, totalizando R$ 1,02 milh\u00e3o em comercializa\u00e7\u00f5es. Neste ano, o pavilh\u00e3o tamb\u00e9m comemorou 25 anos de participa\u00e7\u00e3o na Expointer.<\/p>\n<p style=\"text-align:justify\"><strong>Reconhecimento<\/strong><\/p>\n<p style=\"text-align:justify\">No encerramento do evento, foi entregue a Medalha Assis Brasil, que reconhece personalidades de destaque na agricultura e pecu\u00e1ria.<\/p>\n<p style=\"text-align:justify\">Neste ano, os homenageados foram o presidente do Sindicato das Ind\u00fastrias de M\u00e1quinas e Implementos Agr\u00edcolas no Rio Grande do Sul (Simers) e da Federa\u00e7\u00e3o das Ind\u00fastrias do Estado do Rio Grande do Sul (Fiergs), Cl\u00e1udio Bier; o produtor rural e presidente da Federa\u00e7\u00e3o das Associa\u00e7\u00f5es de Arrozeiros do Rio Grande do Sul (Federarroz), Alexandre Velho; e o chefe-geral da Embrapa Trigo, Jorge Lemainski. Para fechar o evento, cantores ga\u00fachos entoaram o Hino do Rio Grande do Sul, enquanto membros dos CTGs portavam bandeiras com as cores do Estado.<\/p>\n<\/div>\n<p><script data-cfasync=\"false\">\n    !function (f, b, e, v, n, t, s) {\n        if (f.fbq) return; n = f.fbq = function () {\n            n.callMethod ?\n                n.callMethod.apply(n, arguments) : n.queue.push(arguments)\n        };\n        if (!f._fbq) f._fbq = n; n.push = n; n.loaded = !0; n.version = '2.0';\n        n.queue = []; t = b.createElement(e); t.async = !0;\n        t.src = v; s = b.getElementsByTagName(e)[0];\n        s.parentNode.insertBefore(t, s)\n    }(window, document, 'script',\n        'https:\/\/connect.facebook.net\/en_US\/fbevents.js');\n    fbq('init', '522546078623747');\n    fbq('track', 'PageView');\n<\/script><br \/>\n<br \/><br \/>\n<br \/><a href=\"https:\/\/www.agrolink.com.br\/noticias\/abertura-oficial-da-47--expointer-exalta-resiliencia-do-povo-gaucho_494524.html\">Source link <\/a><\/p>\n","protected":false},"excerpt":{"rendered":"<p>A abertura oficial da 47\u00aa Expointer, realizada na manh\u00e3 desta sexta-feira (30), destacou a for\u00e7a da agricultura e da pecu\u00e1ria<\/p>\n","protected":false},"author":1,"featured_media":1003,"comment_status":"open","ping_status":"open","sticky":false,"template":"","format":"standard","meta":{"_monsterinsights_skip_tracking":false,"_monsterinsights_sitenote_active":false,"_monsterinsights_sitenote_note":"","_monsterinsights_sitenote_category":0,"_uf_show_specific_survey":0,"_uf_disable_surveys":false,"footnotes":""},"categories":[8,1,14],"tags":[],"class_list":["post-1002","post","type-post","status-publish","format-standard","has-post-thumbnail","hentry","category-agro","category-news","category-politica-agro"],"_links":{"self":[{"href":"https:\/\/agromt.news\/index.php?rest_route=\/wp\/v2\/posts\/1002"}],"collection":[{"href":"https:\/\/agromt.news\/index.php?rest_route=\/wp\/v2\/posts"}],"about":[{"href":"https:\/\/agromt.news\/index.php?rest_route=\/wp\/v2\/types\/post"}],"author":[{"embeddable":true,"href":"https:\/\/agromt.news\/index.php?rest_route=\/wp\/v2\/users\/1"}],"replies":[{"embeddable":true,"href":"https:\/\/agromt.news\/index.php?rest_route=%2Fwp%2Fv2%2Fcomments&post=1002"}],"version-history":[{"count":0,"href":"https:\/\/agromt.news\/index.php?rest_route=\/wp\/v2\/posts\/1002\/revisions"}],"wp:featuredmedia":[{"embeddable":true,"href":"https:\/\/agromt.news\/index.php?rest_route=\/wp\/v2\/media\/1003"}],"wp:attachment":[{"href":"https:\/\/agromt.news\/index.php?rest_route=%2Fwp%2Fv2%2Fmedia&parent=1002"}],"wp:term":[{"taxonomy":"category","embeddable":true,"href":"https:\/\/agromt.news\/index.php?rest_route=%2Fwp%2Fv2%2Fcategories&post=1002"},{"taxonomy":"post_tag","embeddable":true,"href":"https:\/\/agromt.news\/index.php?rest_route=%2Fwp%2Fv2%2Ftags&post=1002"}],"curies":[{"name":"wp","href":"https:\/\/api.w.org\/{rel}","templated":true}]}}