{"id":10014,"date":"2025-02-23T07:54:24","date_gmt":"2025-02-23T11:54:24","guid":{"rendered":"https:\/\/agromt.news\/?p=10014"},"modified":"2025-02-23T07:54:24","modified_gmt":"2025-02-23T11:54:24","slug":"colheita-concentrada-sobrecarrega-portos-e-fretes","status":"publish","type":"post","link":"https:\/\/agromt.news\/?p=10014","title":{"rendered":"Colheita concentrada sobrecarrega portos e fretes"},"content":{"rendered":"<p> <br \/>\n<\/p>\n<div>\n<div class=\"row\">\n<div class=\"col-lg col-infos mt-3 mt-lg-0\">\n<div class=\"section-sub-title\">\n<p itemprop=\"description\">&#13;<br \/>\n                                A disputa entre rodovias e ferrovias se intensifica&#13;\n                            <\/p>\n<\/p><\/div>\n<div class=\"container\">\n<div class=\"row\">\n<div class=\"col-lg p-0\">\n<div>\n<div class=\"block-news-main-infos mt-3 text-start\">\n<p>                                            <strong class=\"fn\" itemprop=\"author\" style=\"color: rgb(112, 112, 112); \">&#13;<br \/>\n                                                <a href=\"https:\/\/www.agrolink.com.br\/noticias\/javascript:;\" class=\"text-uppercase\" target=\"_blank\" style=\"color: rgb(112, 112, 112); \" rel=\"noopener\">Agrolink<\/a>&#13;<br \/>\n&#13;<br \/>\n                                                    &#8211; Leonardo Gottems&#13;<br \/>\n&#13;<br \/>\n                                            <\/strong><br \/>\n                                        <\/p>\n<p>                                            <abbr><time datetime=\"2025-02-22T09:31\" itemprop=\"datePublished dateModified\">Publicado em 22\/02\/2025 \u00e0s 09:31h.<\/time><\/abbr><br \/>\n                                            <\/p><\/div>\n<\/p><\/div>\n<\/p><\/div>\n<div class=\"col-lg p-0 text-lg-end\">\n<div>\n<div id=\"mdEnviarPagina\" class=\"modal fade\" role=\"dialog\">\n<div class=\"modal-dialog\">\n<div class=\"modal-content\">\n<div class=\"modal-body\">\n<p><strong>Estimado usu\u00e1rio.<\/strong><br \/>Preencha o formul\u00e1rio abaixo para remeter a p\u00e1gina.<\/p>\n<\/p><\/div>\n<\/p><\/div>\n<\/p><\/div>\n<\/div><\/div>\n<\/p><\/div>\n<\/p><\/div>\n<\/p><\/div>\n<\/p><\/div>\n<\/p><\/div>\n<div class=\"row justify-content-md-center mt-3\">\n<div class=\"col-lg-auto col-image  block-news-main-image d-none d-md-block\">\n<p>                                <img decoding=\"async\" src=\"https:\/\/www.agrolink.com.br\/upload\/imagens-resizes\/395c59863b0b46f6b35ecd375a34675b_858x483.jpg\" class=\"lazyload \" alt=\"A disputa entre rodovias e ferrovias se intensifica\"\/><br \/>\n                                                <span class=\"d-block mt-1\">A disputa entre rodovias e ferrovias se intensifica &#8211; Foto: Arquivo Agrolink<\/span><\/p><\/div>\n<\/p><\/div>\n<div class=\"section-description section-description-noticias mt-3\">\n<p>A safra recorde de 2025 ocorre em meio a um colapso log\u00edstico agravado, destaca Felipe Jordy, gerente de intelig\u00eancia e assessoria comercial da Biond Agro. O Brasil enfrenta gargalos estruturais hist\u00f3ricos, com transporte ineficiente, baixa capacidade de armazenagem e uma colheita excessivamente concentrada. Esse cen\u00e1rio gera um efeito cascata em toda a cadeia, sobrecarregando portos e elevando custos de demurrage, que chegam a US$ 35.000 por dia de espera, especialmente em Santos e Barcarena.&#13;\n<\/p>\n<p>\u201cO ritmo de colheita \u00e9 o mais lento e o mais concentrado dos \u00faltimos anos. Essa concentra\u00e7\u00e3o gera um ac\u00famulo de volumes na ponta de transbordo, armazenagem e exporta\u00e7\u00e3o\u201d, comenta.<\/p>\n<p>A disputa entre rodovias e ferrovias se intensifica, com o problema do &#8220;take or pay&#8221; reduzindo a flexibilidade do escoamento ferrovi\u00e1rio. O inc\u00eandio no terminal de Rondon\u00f3polis (TRO) agravou a situa\u00e7\u00e3o, aumentando a depend\u00eancia do transporte rodovi\u00e1rio e impulsionando os fretes. Segundo bases do IMEA, esses custos crescentes j\u00e1 impactam os pre\u00e7os da soja, pressionados tamb\u00e9m pela cota\u00e7\u00e3o do d\u00f3lar abaixo de R$ 6,00, reduzindo margens para exportadores e produtores.&#13;\n<\/p>\n<p>Jordy ressalta que 2025 ser\u00e1 um teste de resili\u00eancia para o agro brasileiro. Na Biond Agro, medidas de gest\u00e3o de risco foram tomadas para mitigar os impactos desse cen\u00e1rio desafiador. \u201c2025 ser\u00e1 um teste de resili\u00eancia para toda a cadeia agro. Aqui na Biond Agro, alertamos nossos clientes de todo esses caos log\u00edstico sendo agravado, com fundamentos de mercado e gest\u00e3o de risco tomamos posi\u00e7\u00f5es de seguran\u00e7a, efetivando uma comercializa\u00e7\u00e3o de gr\u00e3os justamente no olho do fura\u00e7\u00e3o\u201d, conclui.<br \/>&#13;<br \/>\n\u00a0&#13;\n<\/p>\n<\/p><\/div>\n<\/p><\/div>\n<p><script data-cfasync=\"false\">\n    !function (f, b, e, v, n, t, s) {\n        if (f.fbq) return; n = f.fbq = function () {\n            n.callMethod ?\n                n.callMethod.apply(n, arguments) : n.queue.push(arguments)\n        };\n        if (!f._fbq) f._fbq = n; n.push = n; n.loaded = !0; n.version = '2.0';\n        n.queue = []; t = b.createElement(e); t.async = !0;\n        t.src = v; s = b.getElementsByTagName(e)[0];\n        s.parentNode.insertBefore(t, s)\n    }(window, document, 'script',\n        'https:\/\/connect.facebook.net\/en_US\/fbevents.js');\n    fbq('init', '522546078623747');\n    fbq('track', 'PageView');\n<\/script><br \/>\n<br \/><br \/>\n<br \/><a href=\"https:\/\/www.agrolink.com.br\/noticias\/colheita-concentrada-sobrecarrega-portos-e-fretes_499586.html\">Source link <\/a><\/p>\n","protected":false},"excerpt":{"rendered":"<p>&#13; A disputa entre rodovias e ferrovias se intensifica&#13; &#13; Agrolink&#13; &#13; &#8211; Leonardo Gottems&#13; &#13; Publicado em 22\/02\/2025 \u00e0s<\/p>\n","protected":false},"author":1,"featured_media":5485,"comment_status":"open","ping_status":"open","sticky":false,"template":"","format":"standard","meta":{"_monsterinsights_skip_tracking":false,"_monsterinsights_sitenote_active":false,"_monsterinsights_sitenote_note":"","_monsterinsights_sitenote_category":0,"_uf_show_specific_survey":0,"_uf_disable_surveys":false,"footnotes":""},"categories":[8,1,14],"tags":[],"class_list":["post-10014","post","type-post","status-publish","format-standard","has-post-thumbnail","hentry","category-agro","category-news","category-politica-agro"],"_links":{"self":[{"href":"https:\/\/agromt.news\/index.php?rest_route=\/wp\/v2\/posts\/10014"}],"collection":[{"href":"https:\/\/agromt.news\/index.php?rest_route=\/wp\/v2\/posts"}],"about":[{"href":"https:\/\/agromt.news\/index.php?rest_route=\/wp\/v2\/types\/post"}],"author":[{"embeddable":true,"href":"https:\/\/agromt.news\/index.php?rest_route=\/wp\/v2\/users\/1"}],"replies":[{"embeddable":true,"href":"https:\/\/agromt.news\/index.php?rest_route=%2Fwp%2Fv2%2Fcomments&post=10014"}],"version-history":[{"count":0,"href":"https:\/\/agromt.news\/index.php?rest_route=\/wp\/v2\/posts\/10014\/revisions"}],"wp:featuredmedia":[{"embeddable":true,"href":"https:\/\/agromt.news\/index.php?rest_route=\/wp\/v2\/media\/5485"}],"wp:attachment":[{"href":"https:\/\/agromt.news\/index.php?rest_route=%2Fwp%2Fv2%2Fmedia&parent=10014"}],"wp:term":[{"taxonomy":"category","embeddable":true,"href":"https:\/\/agromt.news\/index.php?rest_route=%2Fwp%2Fv2%2Fcategories&post=10014"},{"taxonomy":"post_tag","embeddable":true,"href":"https:\/\/agromt.news\/index.php?rest_route=%2Fwp%2Fv2%2Ftags&post=10014"}],"curies":[{"name":"wp","href":"https:\/\/api.w.org\/{rel}","templated":true}]}}