{"id":10011,"date":"2025-02-23T01:46:16","date_gmt":"2025-02-23T05:46:16","guid":{"rendered":"https:\/\/agromt.news\/?p=10011"},"modified":"2025-02-23T01:46:16","modified_gmt":"2025-02-23T05:46:16","slug":"safra-2025-26-tera-menos-etanol-de-cana-e-mais-de-milho","status":"publish","type":"post","link":"https:\/\/agromt.news\/?p=10011","title":{"rendered":"Safra 2025\/26 ter\u00e1 menos etanol de cana e mais de milho"},"content":{"rendered":"<p> <br \/>\n<\/p>\n<div>\n<div class=\"row\">\n<div class=\"col-lg col-infos mt-3 mt-lg-0\">\n<div class=\"section-sub-title\">\n<p itemprop=\"description\">&#13;<br \/>\n                                Essa restri\u00e7\u00e3o de oferta resultar\u00e1 em pre\u00e7os mais altos&#13;\n                            <\/p>\n<\/p><\/div>\n<div class=\"container\">\n<div class=\"row\">\n<div class=\"col-lg p-0\">\n<div>\n<div class=\"block-news-main-infos mt-3 text-start\">\n<p>                                            <strong class=\"fn\" itemprop=\"author\" style=\"color: rgb(112, 112, 112); \">&#13;<br \/>\n                                                <a href=\"https:\/\/www.agrolink.com.br\/noticias\/javascript:;\" class=\"text-uppercase\" target=\"_blank\" style=\"color: rgb(112, 112, 112); \" rel=\"noopener\">Agrolink<\/a>&#13;<br \/>\n&#13;<br \/>\n                                                    &#8211; Leonardo Gottems&#13;<br \/>\n&#13;<br \/>\n                                            <\/strong><br \/>\n                                        <\/p>\n<p>                                            <abbr><time datetime=\"2025-02-22T10:50\" itemprop=\"datePublished dateModified\">Publicado em 22\/02\/2025 \u00e0s 10:50h.<\/time><\/abbr><br \/>\n                                            <\/p><\/div>\n<\/p><\/div>\n<\/p><\/div>\n<div class=\"col-lg p-0 text-lg-end\">\n<div>\n<div id=\"mdEnviarPagina\" class=\"modal fade\" role=\"dialog\">\n<div class=\"modal-dialog\">\n<div class=\"modal-content\">\n<div class=\"modal-body\">\n<p><strong>Estimado usu\u00e1rio.<\/strong><br \/>Preencha o formul\u00e1rio abaixo para remeter a p\u00e1gina.<\/p>\n<\/p><\/div>\n<\/p><\/div>\n<\/p><\/div>\n<\/div><\/div>\n<\/p><\/div>\n<\/p><\/div>\n<\/p><\/div>\n<\/p><\/div>\n<\/p><\/div>\n<div class=\"row justify-content-md-center mt-3\">\n<div class=\"col-lg-auto col-image  block-news-main-image d-none d-md-block\">\n<p>                                <img decoding=\"async\" src=\"https:\/\/www.agrolink.com.br\/upload\/imagens-resizes\/898078a6e1dc49c5af76d8201b655418_858x483.jpg\" class=\"lazyload \" alt=\"Essa restri\u00e7\u00e3o de oferta resultar\u00e1 em pre\u00e7os mais altos\"\/><br \/>\n                                                <span class=\"d-block mt-1\">Essa restri\u00e7\u00e3o de oferta resultar\u00e1 em pre\u00e7os mais altos &#8211; Foto: Pixabay<\/span><\/p><\/div>\n<\/p><\/div>\n<div class=\"section-description section-description-noticias mt-3\">\n<p>De acordo com o Ita\u00fa BBA, o pre\u00e7o do etanol hidratado subiu 6,4% em janeiro, encerrando o m\u00eas a R$ 2,94\/L em Paul\u00ednia-SP. A alta reflete o fim da safra canavieira e a expectativa \u00e9 de pre\u00e7os ainda mais elevados no primeiro trimestre de 2025, devido a um mercado mais apertado no per\u00edodo de entressafra. Al\u00e9m disso, a produ\u00e7\u00e3o total de etanol no Centro-Sul deve cair 3,2% na safra 2025\/26, com um aumento de 19% na produ\u00e7\u00e3o de etanol de milho, que chegar\u00e1 a 9,6 bilh\u00f5es de litros, enquanto a produ\u00e7\u00e3o de etanol de cana deve recuar 10%, para 23,8 bilh\u00f5es de litros. \u00a0&#13;\n<\/p>\n<p>Do lado da demanda, o consumo do Ciclo Otto deve crescer 2,3% na pr\u00f3xima safra, mas a restri\u00e7\u00e3o na oferta do biocombust\u00edvel levar\u00e1 a uma queda de 5,6% no consumo total de etanol. O consumo de etanol hidratado deve recuar 13%, enquanto o anidro deve subir 7%, mesmo com a mistura em 27% na gasolina. Os estoques reduzidos tamb\u00e9m influenciam a menor disponibilidade do biocombust\u00edvel no mercado. \u00a0&#13;\n<\/p>\n<p>Essa restri\u00e7\u00e3o de oferta resultar\u00e1 em pre\u00e7os mais altos. A expectativa \u00e9 que o pre\u00e7o relativo do etanol frente \u00e0 gasolina nas bombas do estado de S\u00e3o Paulo suba dos atuais 67% para 72% na safra 2025\/26. Esse aumento pode impactar a competitividade do biocombust\u00edvel frente ao combust\u00edvel f\u00f3ssil, reduzindo ainda mais sua participa\u00e7\u00e3o na matriz de transportes. \u00a0 O cen\u00e1rio reflete mudan\u00e7as estruturais no setor, com o avan\u00e7o do etanol de milho e um menor mix de etanol na produ\u00e7\u00e3o das usinas de cana. A evolu\u00e7\u00e3o desses fatores ser\u00e1 determinante para o comportamento do mercado nos pr\u00f3ximos ciclos.<br \/>&#13;<br \/>\n\u00a0&#13;\n<\/p>\n<\/p><\/div>\n<\/p><\/div>\n<p><script data-cfasync=\"false\">\n    !function (f, b, e, v, n, t, s) {\n        if (f.fbq) return; n = f.fbq = function () {\n            n.callMethod ?\n                n.callMethod.apply(n, arguments) : n.queue.push(arguments)\n        };\n        if (!f._fbq) f._fbq = n; n.push = n; n.loaded = !0; n.version = '2.0';\n        n.queue = []; t = b.createElement(e); t.async = !0;\n        t.src = v; s = b.getElementsByTagName(e)[0];\n        s.parentNode.insertBefore(t, s)\n    }(window, document, 'script',\n        'https:\/\/connect.facebook.net\/en_US\/fbevents.js');\n    fbq('init', '522546078623747');\n    fbq('track', 'PageView');\n<\/script><br \/>\n<br \/><br \/>\n<br \/><a href=\"https:\/\/www.agrolink.com.br\/noticias\/safra-2025-26-tera-menos-etanol-de-cana-e-mais-de-milho_499589.html\">Source link <\/a><\/p>\n","protected":false},"excerpt":{"rendered":"<p>&#13; Essa restri\u00e7\u00e3o de oferta resultar\u00e1 em pre\u00e7os mais altos&#13; &#13; Agrolink&#13; &#13; &#8211; Leonardo Gottems&#13; &#13; Publicado em 22\/02\/2025<\/p>\n","protected":false},"author":1,"featured_media":1181,"comment_status":"open","ping_status":"open","sticky":false,"template":"","format":"standard","meta":{"_monsterinsights_skip_tracking":false,"_monsterinsights_sitenote_active":false,"_monsterinsights_sitenote_note":"","_monsterinsights_sitenote_category":0,"_uf_show_specific_survey":0,"_uf_disable_surveys":false,"footnotes":""},"categories":[8,1,14],"tags":[],"class_list":["post-10011","post","type-post","status-publish","format-standard","has-post-thumbnail","hentry","category-agro","category-news","category-politica-agro"],"_links":{"self":[{"href":"https:\/\/agromt.news\/index.php?rest_route=\/wp\/v2\/posts\/10011"}],"collection":[{"href":"https:\/\/agromt.news\/index.php?rest_route=\/wp\/v2\/posts"}],"about":[{"href":"https:\/\/agromt.news\/index.php?rest_route=\/wp\/v2\/types\/post"}],"author":[{"embeddable":true,"href":"https:\/\/agromt.news\/index.php?rest_route=\/wp\/v2\/users\/1"}],"replies":[{"embeddable":true,"href":"https:\/\/agromt.news\/index.php?rest_route=%2Fwp%2Fv2%2Fcomments&post=10011"}],"version-history":[{"count":0,"href":"https:\/\/agromt.news\/index.php?rest_route=\/wp\/v2\/posts\/10011\/revisions"}],"wp:featuredmedia":[{"embeddable":true,"href":"https:\/\/agromt.news\/index.php?rest_route=\/wp\/v2\/media\/1181"}],"wp:attachment":[{"href":"https:\/\/agromt.news\/index.php?rest_route=%2Fwp%2Fv2%2Fmedia&parent=10011"}],"wp:term":[{"taxonomy":"category","embeddable":true,"href":"https:\/\/agromt.news\/index.php?rest_route=%2Fwp%2Fv2%2Fcategories&post=10011"},{"taxonomy":"post_tag","embeddable":true,"href":"https:\/\/agromt.news\/index.php?rest_route=%2Fwp%2Fv2%2Ftags&post=10011"}],"curies":[{"name":"wp","href":"https:\/\/api.w.org\/{rel}","templated":true}]}}