{"id":10004,"date":"2025-02-22T18:52:10","date_gmt":"2025-02-22T22:52:10","guid":{"rendered":"https:\/\/agromt.news\/?p=10004"},"modified":"2025-02-22T18:52:10","modified_gmt":"2025-02-22T22:52:10","slug":"comercializacao-lenta-no-brasil-e-alta-nos-precos-confira-o-resumo","status":"publish","type":"post","link":"https:\/\/agromt.news\/?p=10004","title":{"rendered":"Comercializa\u00e7\u00e3o lenta no Brasil e alta nos pre\u00e7os; confira o resumo"},"content":{"rendered":"<p> <br \/>\n<br \/><img decoding=\"async\" src=\"https:\/\/agromt.news\/wp-content\/uploads\/2025\/01\/Producao-de-soja-deve-aumentar-154-em-2025-projeta-IBGE.jpg\" \/><\/p>\n<div>\n<p>A <a href=\"https:\/\/www.canalrural.com.br\/agricultura\/projeto-soja-brasil\/\">semana <\/a>foi marcada por um cen\u00e1rio de pre\u00e7os entre est\u00e1veis e mais baixos no mercado brasileiro de soja dispon\u00edvel. O ritmo das negocia\u00e7\u00f5es continua lento, com muitos produtores aproveitando as condi\u00e7\u00f5es clim\u00e1ticas favor\u00e1veis para dar prioridade \u00e0 colheita, em detrimento da comercializa\u00e7\u00e3o. <\/p>\n<p>Segundo a <a href=\"https:\/\/safras.com.br\/\">Safras &amp; Mercad<\/a>o, nos Estados Unidos, a cota\u00e7\u00e3o da soja teve leve alta, embora insuficiente para animar os agentes do mercado. O d\u00f3lar permanece pr\u00f3ximo de R$ 5,70.<\/p>\n<ul class=\"wp-block-list\">\n<li><strong><em>Fique por dentro das novidades e not\u00edcias recentes sobre a soja! Participe da nossa comunidade atrav\u00e9s do\u00a0<a href=\"https:\/\/chat.whatsapp.com\/BmMRwA0TZ2DHGyhzoaVEWu\">link<\/a>! \ud83c\udf31<\/em><\/strong><\/li>\n<\/ul>\n<h2 class=\"wp-block-heading\" id=\"h-precos-da-soja\">Pre\u00e7os da soja <\/h2>\n<ul class=\"wp-block-list\">\n<li><strong>Passo Fundo (RS):<\/strong> A saca recuou de R$ 137,00 para R$ 130,50<\/li>\n<\/ul>\n<ul class=\"wp-block-list\">\n<li><strong>Cascavel (PR):<\/strong> Pre\u00e7o se manteve em R$ 125,00<\/li>\n<\/ul>\n<ul class=\"wp-block-list\">\n<li><strong>Rondon\u00f3polis (MT):<\/strong> Cota\u00e7\u00e3o caiu de R$ 116,00 para R$ 115,00<\/li>\n<\/ul>\n<\/div>\n<div>\n<ul class=\"wp-block-list\">\n<li><strong>de Paranagu\u00e1:<\/strong> Pre\u00e7o estabilizado em R$ 132,00<\/li>\n<\/ul>\n<h2 class=\"wp-block-heading\" id=\"h-chicago\">Chicago <\/h2>\n<p>Em Chicago, os contratos da soja com vencimento em mar\u00e7o registraram uma alta de 0,97% no acumulado da semana, sendo cotados a US$ 19,46 por bushel na manh\u00e3 da sexta-feira, 21. A recente declara\u00e7\u00e3o do presidente dos Estados Unidos, Donald Trump, em que indicou estar aberto a negocia\u00e7\u00f5es comerciais com a China, ajudou a sustentar as cota\u00e7\u00f5es.<\/p>\n<p>Esse movimento inicial de Trump traz uma sinaliza\u00e7\u00e3o de que a t\u00e3o temida guerra comercial com a China pode estar distante de ser declarada. Caso a China responda com retalia\u00e7\u00f5es a tarifas americanas, a demanda chinesa por produtos agr\u00edcolas dos Estados Unidos poderia se deslocar ainda mais para outros mercados, especialmente Brasil e Argentina.<\/p>\n<h2 class=\"wp-block-heading\" id=\"h-a-soja-na-america-do-sul\">A soja na Am\u00e9rica do Sul <\/h2>\n<p>A situa\u00e7\u00e3o clim\u00e1tica na Am\u00e9rica do Sul tamb\u00e9m continua a influenciar o mercado. No Rio Grande do Sul, chuvas trazidas pela semana ajudaram a minimizar as perdas produtivas nas lavouras. No Mato Grosso, o tempo seco predominou, favorecendo o andamento da colheita.<\/p>\n<p>Na Argentina, a preocupa\u00e7\u00e3o com o potencial produtivo persiste, j\u00e1 que a recente estiagem prejudicou o rendimento das lavouras. Embora tenha chovido nesta semana, os boletins meteorol\u00f3gicos apontam para uma nova onda de calor, o que gera incertezas quanto \u00e0 recupera\u00e7\u00e3o das planta\u00e7\u00f5es.<\/p>\n<h2 class=\"wp-block-heading\" id=\"h-usda\">USDA <\/h2>\n<p>O Departamento de Agricultura dos Estados Unidos (USDA) realizar\u00e1 seu F\u00f3rum Anual nos dias 27 e 28 de fevereiro. Durante o evento, ser\u00e3o apresentadas as primeiras estimativas sobre o plantio de 2025. Com uma oferta e demanda mais apertada e o bom ritmo das exporta\u00e7\u00f5es, o mercado est\u00e1 projetando um poss\u00edvel aumento na \u00e1rea de plantio de milho, em detrimento da soja.<\/p>\n<\/p><\/div>\n<p><br \/>\n<br \/><a href=\"https:\/\/www.canalrural.com.br\/agricultura\/projeto-soja-brasil\/comercializacao-lenta-no-brasil-e-alta-nos-precos-confira-o-resumo\/\">Source link <\/a><\/p>\n","protected":false},"excerpt":{"rendered":"<p>A semana foi marcada por um cen\u00e1rio de pre\u00e7os entre est\u00e1veis e mais baixos no mercado brasileiro de soja dispon\u00edvel.<\/p>\n","protected":false},"author":1,"featured_media":10005,"comment_status":"open","ping_status":"open","sticky":false,"template":"","format":"standard","meta":{"_monsterinsights_skip_tracking":false,"_monsterinsights_sitenote_active":false,"_monsterinsights_sitenote_note":"","_monsterinsights_sitenote_category":0,"_uf_show_specific_survey":0,"_uf_disable_surveys":false,"footnotes":""},"categories":[1],"tags":[],"class_list":["post-10004","post","type-post","status-publish","format-standard","has-post-thumbnail","hentry","category-news"],"_links":{"self":[{"href":"https:\/\/agromt.news\/index.php?rest_route=\/wp\/v2\/posts\/10004"}],"collection":[{"href":"https:\/\/agromt.news\/index.php?rest_route=\/wp\/v2\/posts"}],"about":[{"href":"https:\/\/agromt.news\/index.php?rest_route=\/wp\/v2\/types\/post"}],"author":[{"embeddable":true,"href":"https:\/\/agromt.news\/index.php?rest_route=\/wp\/v2\/users\/1"}],"replies":[{"embeddable":true,"href":"https:\/\/agromt.news\/index.php?rest_route=%2Fwp%2Fv2%2Fcomments&post=10004"}],"version-history":[{"count":0,"href":"https:\/\/agromt.news\/index.php?rest_route=\/wp\/v2\/posts\/10004\/revisions"}],"wp:featuredmedia":[{"embeddable":true,"href":"https:\/\/agromt.news\/index.php?rest_route=\/wp\/v2\/media\/10005"}],"wp:attachment":[{"href":"https:\/\/agromt.news\/index.php?rest_route=%2Fwp%2Fv2%2Fmedia&parent=10004"}],"wp:term":[{"taxonomy":"category","embeddable":true,"href":"https:\/\/agromt.news\/index.php?rest_route=%2Fwp%2Fv2%2Fcategories&post=10004"},{"taxonomy":"post_tag","embeddable":true,"href":"https:\/\/agromt.news\/index.php?rest_route=%2Fwp%2Fv2%2Ftags&post=10004"}],"curies":[{"name":"wp","href":"https:\/\/api.w.org\/{rel}","templated":true}]}}