{"id":10000,"date":"2025-02-22T16:42:15","date_gmt":"2025-02-22T20:42:15","guid":{"rendered":"https:\/\/agromt.news\/?p=10000"},"modified":"2025-02-22T16:42:15","modified_gmt":"2025-02-22T20:42:15","slug":"cotacoes-do-milho-na-b3-recuam-nesta-segunda-feira","status":"publish","type":"post","link":"https:\/\/agromt.news\/?p=10000","title":{"rendered":"Cota\u00e7\u00f5es do milho na B3 recuam nesta segunda-feira"},"content":{"rendered":"<p> <br \/>\n<\/p>\n<div>\n<p><img decoding=\"async\" alt=\"Logotipo Not&#xED;cias Agr&#xED;colas\" height=\"21\" src=\"https:\/\/cdn.noticiasagricolas.com.br\/dbimagens\/e12363a00741f9cc7caf23469101a4aa.png\" width=\"106\"\/><\/p>\n<p>A segunda-feira (17) chega ao final com os pre\u00e7os futuros do milho registrando movimenta\u00e7\u00f5es negativas na Bolsa Brasileira (B3). As principais cota\u00e7\u00f5es flutuaram na faixa entre R$ 72,75 e R$ 80,40.\u00a0<\/p>\n<p>Sem a refer\u00eancia de Chicago, os vencimentos do milho brasileiro registraram pequenos recuos nesta segunda-feira.\u00a0<\/p>\n<p>Apesar dessas quedas, a an\u00e1lise da Agrinvest aponta suporte para as cota\u00e7\u00f5es devido \u00e0s preocupa\u00e7\u00f5es com o atraso no plantio do milho safrinha.\u00a0<\/p>\n<p>&#8220;A demanda interna segue aquecida, impulsionada pelo aumento do processamento em usinas de etanol. Com mais volume absorvido no mercado interno, o volume destinado \u00e0 exporta\u00e7\u00e3o \u00e9 reduzido\u201d, acrescentam os analistas da Agrinvest.\u00a0<\/p>\n<p>Ainda nesta segunda-feira, a\u00a0Secretaria de Com\u00e9rcio Exterior (Secex) informou que o Brasil exportou 827 mil toneladas de milho at\u00e9 aqui em fevereiro, contra 1,713 milh\u00e3o de todo fevereiro de 2024. Sendo assim, a m\u00e9dia di\u00e1ria de embarques de milho est\u00e1 8,3% menor do que a registrada no segundo m\u00eas do ano passado.\u00a0<\/p>\n<p>De acordo com a an\u00e1lise da SAFRAS &amp; Mercado, o mercado brasileiro de milho registra pre\u00e7os firmes em todas as regi\u00f5es do Pa\u00eds.\u00a0\u00a0<\/p>\n<p>\u201cA\u00a0alta \u00e9 mais consistente e constante em S\u00e3o Paulo, por conta da pouca oferta. A colheita da safra de ver\u00e3o est\u00e1 lenta, a log\u00edstica complicada por conta da soja e a falta de interesse de vende pelo produtor, al\u00e9m dos baixos estoques nas m\u00e3os dos consumidores, deixam os pre\u00e7os firmes\u201d, assinalou o analista da Consultoria Safras &amp; Mercado, Paulo Molinari.\u00a0<\/p>\n<p>Confira como ficaram <a href=\"https:\/\/www.noticiasagricolas.com.br\/cotacoes\/milho\" rel=\"nofollow noreferrer noopener\" target=\"_blank\">todas as cota\u00e7\u00f5es<\/a> nesta segunda-feira\u00a0<\/p>\n<p>O vencimento mar\u00e7o\/25 foi cotado \u00e0 R$ 80,40 com queda de 0,35%, o maio\/25 valia R$ 76,91 com perda de 0,35%, o julho\/25 foi negociado por R$ 72,80 com desvaloriza\u00e7\u00e3o e o setembro\/25 teve valor de R$ 72,75 com baixa de 0,34%.\u00a0<\/p>\n<p>No mercado f\u00edsico brasileiro, o pre\u00e7o da saca de milho tamb\u00e9m teve avan\u00e7os neste primeiro dia da semana. O levantamento realizado pela equipe do Not\u00edcias Agr\u00edcolas identificou valoriza\u00e7\u00f5es nas pra\u00e7as de Sorriso\/MT, C\u00e2ndido Mota\/SP e Palma Sola\/SC.\u00a0<\/p>\n<\/p><\/div>\n<p><script async defer src=\"https:\/\/connect.facebook.net\/en_US\/sdk.js\" type=\"9e195e0a072f7966e63af34f-text\/javascript\"><\/script><script type=\"9e195e0a072f7966e63af34f-text\/javascript\">\n  !function(f,b,e,v,n,t,s)\n  {if(f.fbq)return;n=f.fbq=function(){n.callMethod?\n    n.callMethod.apply(n,arguments):n.queue.push(arguments)};\n    if(!f._fbq)f._fbq=n;n.push=n;n.loaded=!0;n.version='2.0';\n    n.queue=[];t=b.createElement(e);t.async=!0;\n    t.src=v;s=b.getElementsByTagName(e)[0];\n    s.parentNode.insertBefore(t,s)}(window, document,'script',\n    'https:\/\/connect.facebook.net\/en_US\/fbevents.js');\n  fbq('init', '153495679422335');\n  fbq('track', 'PageView');\n<\/script><br \/>\n<br \/><br \/>\n<br \/><a href=\"https:\/\/www.noticiasagricolas.com.br\/noticias\/milho\/394587-cotacoes-do-milho-na-b-3-recuam-nesta-segunda-feira.html\">Source link <\/a><\/p>\n","protected":false},"excerpt":{"rendered":"<p>A segunda-feira (17) chega ao final com os pre\u00e7os futuros do milho registrando movimenta\u00e7\u00f5es negativas na Bolsa Brasileira (B3). As<\/p>\n","protected":false},"author":1,"featured_media":10001,"comment_status":"open","ping_status":"open","sticky":false,"template":"","format":"standard","meta":{"_monsterinsights_skip_tracking":false,"_monsterinsights_sitenote_active":false,"_monsterinsights_sitenote_note":"","_monsterinsights_sitenote_category":0,"_uf_show_specific_survey":0,"_uf_disable_surveys":false,"footnotes":""},"categories":[8,1,14,16],"tags":[],"class_list":["post-10000","post","type-post","status-publish","format-standard","has-post-thumbnail","hentry","category-agro","category-news","category-politica-agro","category-safra"],"_links":{"self":[{"href":"https:\/\/agromt.news\/index.php?rest_route=\/wp\/v2\/posts\/10000"}],"collection":[{"href":"https:\/\/agromt.news\/index.php?rest_route=\/wp\/v2\/posts"}],"about":[{"href":"https:\/\/agromt.news\/index.php?rest_route=\/wp\/v2\/types\/post"}],"author":[{"embeddable":true,"href":"https:\/\/agromt.news\/index.php?rest_route=\/wp\/v2\/users\/1"}],"replies":[{"embeddable":true,"href":"https:\/\/agromt.news\/index.php?rest_route=%2Fwp%2Fv2%2Fcomments&post=10000"}],"version-history":[{"count":0,"href":"https:\/\/agromt.news\/index.php?rest_route=\/wp\/v2\/posts\/10000\/revisions"}],"wp:featuredmedia":[{"embeddable":true,"href":"https:\/\/agromt.news\/index.php?rest_route=\/wp\/v2\/media\/10001"}],"wp:attachment":[{"href":"https:\/\/agromt.news\/index.php?rest_route=%2Fwp%2Fv2%2Fmedia&parent=10000"}],"wp:term":[{"taxonomy":"category","embeddable":true,"href":"https:\/\/agromt.news\/index.php?rest_route=%2Fwp%2Fv2%2Fcategories&post=10000"},{"taxonomy":"post_tag","embeddable":true,"href":"https:\/\/agromt.news\/index.php?rest_route=%2Fwp%2Fv2%2Ftags&post=10000"}],"curies":[{"name":"wp","href":"https:\/\/api.w.org\/{rel}","templated":true}]}}